{"id":14517,"date":"2020-07-02T12:56:01","date_gmt":"2020-07-02T17:56:01","guid":{"rendered":"http:\/\/www.zonaroja.com.mx\/?p=14517"},"modified":"2020-07-02T13:23:16","modified_gmt":"2020-07-02T18:23:16","slug":"tras-queja-de-trabajadores-cierran-hospital-de-juchitan-para-desinfectar","status":"publish","type":"post","link":"https:\/\/zonaroja.com.mx\/?p=14517","title":{"rendered":"Tras queja de trabajadores, cierran hospital de Juchit\u00e1n para desinfectar"},"content":{"rendered":"\n<p>Redacci\u00f3n\/Zona\nRoja.<\/p>\n\n\n\n<p>Oaxaca\nde Ju\u00e1rez, Oax., 2 de julio de 2020.- Luego de la denuncia de trabajadores\nsindicalizados acerca de un brote de Covid-19, los Servicios de Salud de Oaxaca\n(SSO) inform\u00f3 que atiende la queja y determin\u00f3 cerrar por tres d\u00edas el hospital\nde Juchit\u00e1n de Zaragoza para labores de desinfecci\u00f3n.<\/p>\n\n\n\n<p>En\nun comunicado, el titular de los SSO, Donato Casas Escamilla, destac\u00f3 que la\nseguridad de los trabajadores de la instituci\u00f3n, y especialmente de quienes se\nencuentran laborando directamente en las \u00e1reas Covid-19, es una prioridad para\nla administraci\u00f3n del gobernador Alejandro Murat Hinojosa, por lo que est\u00e1\ngarantizada la atenci\u00f3n oportuna a su salud.<\/p>\n\n\n\n<p>Dijo\nque se atienden los planteamientos hechos por la base trabajadora del Hospital\nGeneral \u201cDr. Macedonio Ben\u00edtez Fuentes\u201d, de la ciudad de Juchit\u00e1n, quienes a\ntrav\u00e9s de una mesa de trabajo solicitaron su intervenci\u00f3n, para la detecci\u00f3n y\nprevenci\u00f3n de posibles nuevos casos de contagio por SARS-CoV-2 entre el\npersonal.<\/p>\n\n\n\n<p>En este sentido, inform\u00f3 que se realizar\u00e1 la b\u00fasqueda intencionada de casos entre la plantilla laboral, adem\u00e1s de la sanitizaci\u00f3n de todas las \u00e1reas del nosocomio por parte de las brigadas del programa Vectores, de la Jurisdicci\u00f3n Sanitaria del Istmo.<\/p>\n\n\n\n<figure class=\"wp-block-embed-twitter wp-block-embed is-type-rich is-provider-twitter\"><div class=\"wp-block-embed__wrapper\">\n<div class=\"twitter-tweet\"><blockquote class=\"twitter-tweet\" data-lang=\"es\"><p lang=\"es\" dir=\"ltr\">De la reuni\u00f3n sostenida con el Comando Operativo Jurisdiccional <a href=\"https:\/\/twitter.com\/hashtag\/COVID19?src=hash&amp;ref_src=twsrc%5Etfw\">#COVID19<\/a> de los <a href=\"https:\/\/twitter.com\/SSO_GobOax?ref_src=twsrc%5Etfw\">@SSO_GobOax<\/a>,directivos,y representaci\u00f3n sindical del Hosp. Gral.<a href=\"https:\/\/twitter.com\/hashtag\/Juchit%C3%A1n?src=hash&amp;ref_src=twsrc%5Etfw\">#Juchit\u00e1n<\/a>,se realizaron acuerdos y compromisos p\/garantizar la atenci\u00f3n m\u00e9dica de la poblaci\u00f3n istme\u00f1a y salvaguardar a los trabajadores <a href=\"https:\/\/t.co\/fudLnuWSpb\">pic.twitter.com\/fudLnuWSpb<\/a><\/p>&mdash; Jur. San. 02 Istmo (@Istmo_SSO) <a href=\"https:\/\/twitter.com\/Istmo_SSO\/status\/1278736884668272640?ref_src=twsrc%5Etfw\">2 de julio de 2020<\/a><\/blockquote><\/div>\n<\/div><\/figure>\n\n\n\n<p>Destac\u00f3\nque aunque de manera permanente se dota de equipos de protecci\u00f3n personal e\ninsumos a todos los hospitales, se reforzar\u00e1 la entrega para garantizar que\ntodas y todos los trabajadores cuenten con lo necesario, para continuar\nbrindando atenci\u00f3n a quienes desafortunadamente ven afectada su salud por el Covid-19.<\/p>\n\n\n\n<p>Asimismo,\nse\u00f1al\u00f3 que har\u00e1n las gestiones necesarias para solicitar la contrataci\u00f3n de\npersonal m\u00e9dico y de enfermer\u00eda, que permita reforzar al equipo humano que hace\nfrente a la contingencia sanitaria en 48 municipios de la regi\u00f3n.<\/p>\n\n\n\n<p>Expuso\nque para la correcta realizaci\u00f3n de las actividades de desinfecci\u00f3n, el\nnosocomio permanecer\u00e1 cerrado durante tres d\u00edas, reanudando el servicio el\nlunes, \u201ccon la confianza de ser un lugar seguro para los usuarios y el\npersonal, sin que este cierre temporal afecte a los pacientes hospitalizados\u201d.<\/p>\n\n\n\n<p>Hasta\nel corte del 1 de julio, la Jurisdicci\u00f3n Sanitaria del Istmo presenta 370 casos\npositivos acumulados por Covid-19, 255 se han recuperado, 51 contin\u00faan activos\ny lamentablemente 64 personas han perdido la vida.<\/p>\n\n\n\n<p>Finalmente,\nante este panorama, el secretario de Salud exhort\u00f3 a toda la poblaci\u00f3n, a\nutilizar cubrebocas, lavarse las manos con agua y jab\u00f3n, o usar alcohol en gel\nal 70%, aplicar la sana distancia en espacios p\u00fablicos, no realizar fiestas o\nreuniones, no salir si no es estrictamente necesario, sobre todo aquellas\npersonas diagnosticadas con diabetes, hipertensi\u00f3n, obesidad e insuficiencia\nrenal.<\/p>\n","protected":false},"excerpt":{"rendered":"<p>Redacci\u00f3n\/Zona Roja. Oaxaca de Ju\u00e1rez, Oax., 2 de julio de 2020.- Luego de la denuncia&hellip;<\/p>\n","protected":false},"author":2,"featured_media":9057,"comment_status":"closed","ping_status":"open","sticky":false,"template":"","format":"standard","meta":{"_lmt_disableupdate":"","_lmt_disable":"","_jetpack_memberships_contains_paid_content":false,"footnotes":""},"categories":[109,47],"tags":[1512,1005],"class_list":["post-14517","post","type-post","status-publish","format-standard","has-post-thumbnail","hentry","category-minuto-a-minuto","category-zona-gris","tag-coronavirus-oaxaca","tag-servicios-de-salud-de-oaxaca-sso"],"jetpack_featured_media_url":"https:\/\/zonaroja.com.mx\/wp-content\/uploads\/2020\/02\/Hospital-Juchit\u00e1n.png","jetpack_sharing_enabled":true,"_links":{"self":[{"href":"https:\/\/zonaroja.com.mx\/index.php?rest_route=\/wp\/v2\/posts\/14517","targetHints":{"allow":["GET"]}}],"collection":[{"href":"https:\/\/zonaroja.com.mx\/index.php?rest_route=\/wp\/v2\/posts"}],"about":[{"href":"https:\/\/zonaroja.com.mx\/index.php?rest_route=\/wp\/v2\/types\/post"}],"author":[{"embeddable":true,"href":"https:\/\/zonaroja.com.mx\/index.php?rest_route=\/wp\/v2\/users\/2"}],"replies":[{"embeddable":true,"href":"https:\/\/zonaroja.com.mx\/index.php?rest_route=%2Fwp%2Fv2%2Fcomments&post=14517"}],"version-history":[{"count":2,"href":"https:\/\/zonaroja.com.mx\/index.php?rest_route=\/wp\/v2\/posts\/14517\/revisions"}],"predecessor-version":[{"id":14522,"href":"https:\/\/zonaroja.com.mx\/index.php?rest_route=\/wp\/v2\/posts\/14517\/revisions\/14522"}],"wp:featuredmedia":[{"embeddable":true,"href":"https:\/\/zonaroja.com.mx\/index.php?rest_route=\/wp\/v2\/media\/9057"}],"wp:attachment":[{"href":"https:\/\/zonaroja.com.mx\/index.php?rest_route=%2Fwp%2Fv2%2Fmedia&parent=14517"}],"wp:term":[{"taxonomy":"category","embeddable":true,"href":"https:\/\/zonaroja.com.mx\/index.php?rest_route=%2Fwp%2Fv2%2Fcategories&post=14517"},{"taxonomy":"post_tag","embeddable":true,"href":"https:\/\/zonaroja.com.mx\/index.php?rest_route=%2Fwp%2Fv2%2Ftags&post=14517"}],"curies":[{"name":"wp","href":"https:\/\/api.w.org\/{rel}","templated":true}]}}