{"id":14519,"date":"2020-07-02T13:21:19","date_gmt":"2020-07-02T18:21:19","guid":{"rendered":"http:\/\/www.zonaroja.com.mx\/?p=14519"},"modified":"2020-07-02T13:21:23","modified_gmt":"2020-07-02T18:21:23","slug":"omision-de-autoridades-responsable-de-masacres-es-comunidades-antorcha","status":"publish","type":"post","link":"https:\/\/zonaroja.com.mx\/?p=14519","title":{"rendered":"Omisi\u00f3n de autoridades, responsable de masacres es comunidades: Antorcha"},"content":{"rendered":"\n<p>Evlin\nArag\u00f3n\/Zona Roja.<\/p>\n\n\n\n<p>Oaxaca\nde Ju\u00e1rez, Oax., 2 de julio de 2020.- Integrantes del movimiento Antorcha\nCampesina salieron de nueva cuenta a las calles de la ciudad para exigir\natenci\u00f3n directa de parte del gobernador Alejandro Murat Hinojosa, a quien\nadvirtieron que la omisi\u00f3n por parte de la Fiscal\u00eda General de Estado de Oaxaca\ny la Secretar\u00eda General de Gobierno, podr\u00eda traer una nueva masacre en\ncomunidades ind\u00edgenas, similar a la suscitada en San Mateo del Mar.<\/p>\n\n\n\n<p>As\u00ed\nlo dio a conocer Dimas Romero Gonz\u00e1lez, dirigente de la organizaci\u00f3n en la\nentidad, quien detall\u00f3 que la ausencia de acciones contundentes por parte de\nlas dependencias encabezadas por Rub\u00e9n Vasconcelos M\u00e9ndez y H\u00e9ctor Anuar Mafud,\npodr\u00edan derivar en que estalle el conflicto entre Santo Domingo Yoso\u00f1ama y San\nJuan Mixtepec.<\/p>\n\n\n\n<p>\u201cDenunciamos\nnuestra preocupaci\u00f3n que suceda lo mismo que sucedi\u00f3 en San Mateo del Mar, que\nhasta la fecha no se ha esclarecido, reiteramos que ante la omisi\u00f3n de estas\ndependencias, ante la violaci\u00f3n de lo derecho constitucionales de la gente de\nSanto Domingo Yoso\u00f1ama, solo nos queda la intervenci\u00f3n directa del gobernador,\npor eso estamos aqu\u00ed\u201d, dijo en el bloqueo que realiz\u00f3 la organizaci\u00f3n en la\navenida Ju\u00e1rez, a la altura de la Casa Oficial de Gobierno.<\/p>\n\n\n\n<p>Romero Gonz\u00e1lez reclam\u00f3 que la Fiscal\u00eda en lugar de realizar los procedimientos de investigaci\u00f3n correspondientes, se pone de lado de San Juan Mixtepec sin profundizar en la situaci\u00f3n, acusando a la poblaci\u00f3n de Santo Domingo Yoso\u00f1ama de secuestro de una persona y exigiendo que sea liberad, todo mediante un mensaje de WhatsApp acci\u00f3n que rompe todos los protocolos del debido proceso.<\/p>\n\n\n\n<figure class=\"wp-block-embed-twitter wp-block-embed is-type-rich is-provider-twitter\"><div class=\"wp-block-embed__wrapper\">\n<div class=\"twitter-tweet\"><blockquote class=\"twitter-tweet\" data-lang=\"es\"><p lang=\"es\" dir=\"ltr\">\u00daltimoMinuto <br>De nueva cuenta y ante lo que consideran omisi\u00f3n del <a href=\"https:\/\/twitter.com\/GobOax?ref_src=twsrc%5Etfw\">@goboax<\/a> que encabeza <a href=\"https:\/\/twitter.com\/alejandromurat?ref_src=twsrc%5Etfw\">@alejandromurat<\/a> y de la <a href=\"https:\/\/twitter.com\/FISCALIA_GobOax?ref_src=twsrc%5Etfw\">@FISCALIA_GobOax<\/a>, militantes de <a href=\"https:\/\/twitter.com\/AntorchaOficial?ref_src=twsrc%5Etfw\">@AntorchaOficial<\/a> de Oaxaca protestan en la Casa Oficial y bloquean la avenida Ju\u00e1rez de la capital. <a href=\"https:\/\/t.co\/EkChXzORh4\">pic.twitter.com\/EkChXzORh4<\/a><\/p>&mdash; Zona Roja Oaxaca (@MexRoja) <a href=\"https:\/\/twitter.com\/MexRoja\/status\/1278710261390573569?ref_src=twsrc%5Etfw\">2 de julio de 2020<\/a><\/blockquote><\/div>\n<\/div><\/figure>\n\n\n\n<p>Por\nlo que entablaron una reuni\u00f3n con el fiscal Rub\u00e9n Vasconcelos, quien se\ncomprometi\u00f3 a sancionar a los responsables de la situaci\u00f3n y emitir un\ncomunicado en el que aclarar\u00e1 las cosas y se eximiera de responsabilidades a\nquien fuera acusado sin pruebas de los hechos; sin embargo, una vez la\ninstancia no cumpli\u00f3 con sus acuerdos.<\/p>\n\n\n\n<p>\u201cEl\nno hacer su trabajo las instancias judiciales y no esclarecer y demostrar que\nlos que est\u00e1n siendo acusados son inocentes genera impunidad y envalentona a\nlas personas que est\u00e1n agrediendo a los habitantes de Santo Domingo Yoso\u00f1ama y\nva a ocasionar muertes en la zona\u201d, refiri\u00f3 el dirigente.<\/p>\n\n\n\n<p>Insisti\u00f3\nen que la Fiscal\u00eda no est\u00e1 haciendo su trabajo y por el contrario hace\nacusaciones sin investigaci\u00f3n que la fundamente, mismas que son peligrosas en\nuna zona ya de por si con \u00e1nimos elevados.<\/p>\n\n\n\n<p>Destac\u00f3\nla crisis sanitaria, econ\u00f3mica y de justicia que vive el estado y la omisi\u00f3n de\nlas autoridades encargadas de atender esos temas, por los que insisti\u00f3 en sostener\nuna audiencia con el mandatario estatal, de lo contrario advirti\u00f3, ir\u00e1n a\nbuscarlo en los actos p\u00fablicos que encabece para hacerle ver la ineficiencia de\nlas instancias que conforman su administraci\u00f3n.<\/p>\n\n\n\n<p>\u201cApelamos\na su sensibilidad, a su compromiso con sus paisanos oaxaque\u00f1os, porque hay\ngente cuya vida est\u00e1 en peligro por distintas problema, sostenemos Oaxaca est\u00e1\nen crisis en diversos sectores y el primer mandatario necesita escuchar la\ndesatenci\u00f3n y omisi\u00f3n de sus dependencias hacia el pueblo\u201d, sentenci\u00f3.<\/p>\n","protected":false},"excerpt":{"rendered":"<p>Evlin Arag\u00f3n\/Zona Roja. Oaxaca de Ju\u00e1rez, Oax., 2 de julio de 2020.- Integrantes del movimiento&hellip;<\/p>\n","protected":false},"author":2,"featured_media":14520,"comment_status":"closed","ping_status":"open","sticky":false,"template":"","format":"standard","meta":{"_lmt_disableupdate":"","_lmt_disable":"","_jetpack_memberships_contains_paid_content":false,"footnotes":""},"categories":[109,47],"tags":[1785],"class_list":["post-14519","post","type-post","status-publish","format-standard","has-post-thumbnail","hentry","category-minuto-a-minuto","category-zona-gris","tag-movimiento-antorcha-campesina"],"jetpack_featured_media_url":"https:\/\/zonaroja.com.mx\/wp-content\/uploads\/2020\/07\/Antorcha-Campesina.jpg","jetpack_sharing_enabled":true,"_links":{"self":[{"href":"https:\/\/zonaroja.com.mx\/index.php?rest_route=\/wp\/v2\/posts\/14519","targetHints":{"allow":["GET"]}}],"collection":[{"href":"https:\/\/zonaroja.com.mx\/index.php?rest_route=\/wp\/v2\/posts"}],"about":[{"href":"https:\/\/zonaroja.com.mx\/index.php?rest_route=\/wp\/v2\/types\/post"}],"author":[{"embeddable":true,"href":"https:\/\/zonaroja.com.mx\/index.php?rest_route=\/wp\/v2\/users\/2"}],"replies":[{"embeddable":true,"href":"https:\/\/zonaroja.com.mx\/index.php?rest_route=%2Fwp%2Fv2%2Fcomments&post=14519"}],"version-history":[{"count":1,"href":"https:\/\/zonaroja.com.mx\/index.php?rest_route=\/wp\/v2\/posts\/14519\/revisions"}],"predecessor-version":[{"id":14521,"href":"https:\/\/zonaroja.com.mx\/index.php?rest_route=\/wp\/v2\/posts\/14519\/revisions\/14521"}],"wp:featuredmedia":[{"embeddable":true,"href":"https:\/\/zonaroja.com.mx\/index.php?rest_route=\/wp\/v2\/media\/14520"}],"wp:attachment":[{"href":"https:\/\/zonaroja.com.mx\/index.php?rest_route=%2Fwp%2Fv2%2Fmedia&parent=14519"}],"wp:term":[{"taxonomy":"category","embeddable":true,"href":"https:\/\/zonaroja.com.mx\/index.php?rest_route=%2Fwp%2Fv2%2Fcategories&post=14519"},{"taxonomy":"post_tag","embeddable":true,"href":"https:\/\/zonaroja.com.mx\/index.php?rest_route=%2Fwp%2Fv2%2Ftags&post=14519"}],"curies":[{"name":"wp","href":"https:\/\/api.w.org\/{rel}","templated":true}]}}