{"id":14529,"date":"2020-07-02T15:34:46","date_gmt":"2020-07-02T20:34:46","guid":{"rendered":"http:\/\/www.zonaroja.com.mx\/?p=14529"},"modified":"2020-07-02T15:34:50","modified_gmt":"2020-07-02T20:34:50","slug":"responden-al-llamado-de-auxilio-de-municipios-afectados-por-el-sismo-de-7-4","status":"publish","type":"post","link":"https:\/\/zonaroja.com.mx\/?p=14529","title":{"rendered":"Responden al llamado de auxilio de municipios afectados por el sismo de 7.4"},"content":{"rendered":"\n<p>Evlin\nArag\u00f3n\/Zona Roja.<\/p>\n\n\n\n<p>Oaxaca\nde Ju\u00e1rez, Oax., 2 de julio de 2020.- A m\u00e1s de una semana del sismo de magnitud\n7.4 que sacudi\u00f3 a la entidad y pese a que las autoridades del Gobierno de\nOaxaca ha difundido por lo menos dos visitas a la Sierra Sur, una de las\nregiones m\u00e1s afectadas, la ayuda no es suficiente, por lo que los centros de\nacopio para recibir ayuda, se han multiplicado.<\/p>\n\n\n\n<p>En\ndiversos lugares de la capital, as\u00ed como en la Ciudad de M\u00e9xico, abrieron espacios\npara recolectar productos de primera necesidad para apoyar a las poblaciones\nafectadas, que a trav\u00e9s de las redes sociales han pedido el respaldo de la\nsociedad en general, independientemente de las autoridades.<\/p>\n\n\n\n<p>El\nm\u00e1s reciente es el que instal\u00f3 este jueves el Instituto Carlos Gracida, con la\nfinalidad de recolectar az\u00facar, frijol, leche, aceite, jab\u00f3n en barra o en\npolvo y papel de ba\u00f1o en beneficio de las comunidades afectadas por el sismo y\nde paso llevar a ayuda a la Ciudad de los Ni\u00f1os, ubicada en la capital de\nOaxaca y que tambi\u00e9n se ha visto seriamente afectada con la contingencia\nsanitaria.<\/p>\n\n\n\n<p>As\u00ed\nlo dieron a conocer los damnificados a trav\u00e9s de sus redes sociales, en donde\nexplicaron que la colecta ser\u00e1 del 2 al 10 de julio en las instalaciones\neducativas con un horario de 09:00 a 12:00 horas, y donde se pide que sean\nproductos de primera necesidad los que sean donados por la poblaci\u00f3n.<\/p>\n\n\n\n<p>Lo\nmismo hizo el equipo de Miss Earth Oaxaca, que representa Dalia Reyes y que ha\nencabezado una recolecci\u00f3n de v\u00edveres para las y los damnificados por el\nreciente sismo, acci\u00f3n que ha sido replicada en Jalisco por el mismo organismo\nquien ya recibe productos en apoyo a las personas damnificadas.<\/p>\n\n\n\n<p>En\nHuatulco, aunque tambi\u00e9n se vieron afectado con el movimiento tel\u00farico, un par\nde j\u00f3venes han instalado su propio centro de acopio, en cual tambi\u00e9n reciben\nropa, zapatos y cobijas en el entendido de que hay familias que lo perdieron\ntodo con el sismo del 23 de junio.<\/p>\n\n\n\n<p>En\nla comunidad de San Sebasti\u00e1n R\u00edo Hondo, un grupo de j\u00f3venes emprendedores\njuntaron refuerzos para organizar una colecta de v\u00edveres en un centro de acopio\npara poder brindar ayuda a las familias afectadas de las comunidades de San\nJuan Ozolotepec, Xanaguia y San Andr\u00e9s Lovene.<\/p>\n\n\n\n<p>Mientras\nque integrantes de la Secci\u00f3n 22 de la Coordinadora Nacional de Trabajadores de\nla Educaci\u00f3n (CNTE) instalaron su centro de acopio en las calles de la ciudad\nde Oaxaca para apoyar a las comunidades de San Gregorio y San Pablo Ozolotepec,\ntambi\u00e9n afectadas.<\/p>\n\n\n\n<p>As\u00ed\nmismo, en la Ciudad de M\u00e9xico, el restaurante oaxaque\u00f1o \u201cComixcal\u201d inicio una\ncampa\u00f1a de donaci\u00f3n que ya rindi\u00f3 frutos al enviar tres tonelada de granos,\nsemillas y productos no perecederos a la comunidad de Santa Catarina Xanagu\u00eda,\nperteneciente al municipio de San Juan Ozolotepec.<\/p>\n\n\n\n<p>De\nacuerdo con las autoridades estatales, el saldo por el sismo del 23 de junio\nfue de 10 personas fallecidas, as\u00ed como m\u00e1s de 10 mil viviendas afectadas en\n157 municipios declarados en desastre en entidad oaxaque\u00f1a, de los cuales 87\nhan recibido la declaratoria de emergencia por parte de la Coordinaci\u00f3n\nNacional de Protecci\u00f3n Civil.&nbsp; <\/p>\n","protected":false},"excerpt":{"rendered":"<p>Evlin Arag\u00f3n\/Zona Roja. Oaxaca de Ju\u00e1rez, Oax., 2 de julio de 2020.- A m\u00e1s de&hellip;<\/p>\n","protected":false},"author":2,"featured_media":14166,"comment_status":"closed","ping_status":"open","sticky":false,"template":"","format":"standard","meta":{"_lmt_disableupdate":"","_lmt_disable":"","_jetpack_memberships_contains_paid_content":false,"footnotes":""},"categories":[109,47],"tags":[1782],"class_list":["post-14529","post","type-post","status-publish","format-standard","has-post-thumbnail","hentry","category-minuto-a-minuto","category-zona-gris","tag-sismo-oaxaca"],"jetpack_featured_media_url":"https:\/\/zonaroja.com.mx\/wp-content\/uploads\/2020\/06\/Afectaciones-sismo-Ozolotepec-1.jpg","jetpack_sharing_enabled":true,"_links":{"self":[{"href":"https:\/\/zonaroja.com.mx\/index.php?rest_route=\/wp\/v2\/posts\/14529","targetHints":{"allow":["GET"]}}],"collection":[{"href":"https:\/\/zonaroja.com.mx\/index.php?rest_route=\/wp\/v2\/posts"}],"about":[{"href":"https:\/\/zonaroja.com.mx\/index.php?rest_route=\/wp\/v2\/types\/post"}],"author":[{"embeddable":true,"href":"https:\/\/zonaroja.com.mx\/index.php?rest_route=\/wp\/v2\/users\/2"}],"replies":[{"embeddable":true,"href":"https:\/\/zonaroja.com.mx\/index.php?rest_route=%2Fwp%2Fv2%2Fcomments&post=14529"}],"version-history":[{"count":1,"href":"https:\/\/zonaroja.com.mx\/index.php?rest_route=\/wp\/v2\/posts\/14529\/revisions"}],"predecessor-version":[{"id":14530,"href":"https:\/\/zonaroja.com.mx\/index.php?rest_route=\/wp\/v2\/posts\/14529\/revisions\/14530"}],"wp:featuredmedia":[{"embeddable":true,"href":"https:\/\/zonaroja.com.mx\/index.php?rest_route=\/wp\/v2\/media\/14166"}],"wp:attachment":[{"href":"https:\/\/zonaroja.com.mx\/index.php?rest_route=%2Fwp%2Fv2%2Fmedia&parent=14529"}],"wp:term":[{"taxonomy":"category","embeddable":true,"href":"https:\/\/zonaroja.com.mx\/index.php?rest_route=%2Fwp%2Fv2%2Fcategories&post=14529"},{"taxonomy":"post_tag","embeddable":true,"href":"https:\/\/zonaroja.com.mx\/index.php?rest_route=%2Fwp%2Fv2%2Ftags&post=14529"}],"curies":[{"name":"wp","href":"https:\/\/api.w.org\/{rel}","templated":true}]}}