{"id":14535,"date":"2020-07-02T19:23:18","date_gmt":"2020-07-03T00:23:18","guid":{"rendered":"http:\/\/www.zonaroja.com.mx\/?p=14535"},"modified":"2020-07-02T19:23:22","modified_gmt":"2020-07-03T00:23:22","slug":"tres-meses-despues-edil-de-juchitan-reacciona-a-covid-y-cierra-mercado","status":"publish","type":"post","link":"https:\/\/zonaroja.com.mx\/?p=14535","title":{"rendered":"Tres meses despu\u00e9s, edil de Juchit\u00e1n reacciona a Covid y cierra mercado"},"content":{"rendered":"\n<p>Ismael\nGarc\u00eda M.\/Zona Roja.<\/p>\n\n\n\n<p>Oaxaca\nde Ju\u00e1rez, Oax., M\u00e1s de tres meses despu\u00e9s de iniciada la pandemia por Covid-19\nen Oaxaca, el presidente municipal de Juchit\u00e1n de Zaragoza, Emilio Montero\nP\u00e9rez, reaccion\u00f3 y orden\u00f3 el cierre por 10 d\u00edas del mercado principal; adem\u00e1s, analiza\nadem\u00e1s decretar toque de queda a fin de evitar mayores contagios.<\/p>\n\n\n\n<p>La\nma\u00f1ana de este mi\u00e9rcoles se efectu\u00f3 una reuni\u00f3n de la Coordinaci\u00f3n Emergente\npor la Propagaci\u00f3n del C9-19, a la que asistieron representantes de los tres\nniveles de gobierno.<\/p>\n\n\n\n<p>Ah\u00ed\nse expres\u00f3 la preocupaci\u00f3n de todos los rectores sociales por el alarmante\nincremento de casos; se revel\u00f3 adem\u00e1s que el Hospital de Especialidades\nfunciona apenas con cinco camas para pacientes con coronavirus y no con 20,\ncomo anunci\u00f3 el gobernador Alejandro Murat.<\/p>\n\n\n\n<p>En\nel encuentro, locatarios y autoridades determinaron cerrar el mercado\nprincipal, \u201c5 de Septiembre\u201d, ubicado en el centro de esa ciudad istme\u00f1a, del 5\nal 14 de julio, con el fin de desinfectarlo, debido a varios brotes de Covid.<\/p>\n\n\n\n<p>Se\nanaliz\u00f3 tambi\u00e9n la situaci\u00f3n del hospital \u201cDr. Macedonio Ben\u00edtez Fuentes\u201d, que\nrequiere con urgencia atenci\u00f3n por parte de las autoridades del sector salud, y\nel cual se determin\u00f3 tambi\u00e9n cerrar por tres d\u00edas.<\/p>\n\n\n\n<p>En\nel encuentro, el director del nosocomio propuso un toque de queda en el\nmunicipio, a fin de disminuir el n\u00famero de contagios, que registra hasta ahora en\nla cabecera municipal 47 casos positivos, 41 casos sospechosos y 12 defunciones.<\/p>\n\n\n\n<p>\u201cEmilio\nMontero tambi\u00e9n se comprometi\u00f3 a gestionar ante la Secretar\u00eda de la Defensa\nNacional para que se agilice la entrada en funcionamiento de las 20 camas del\nHospital Insabi Covid-19 n\u00famero 25, que no est\u00e1n disponibles, debido a un\nproblema t\u00e9cnico con el ox\u00edgeno, que dej\u00f3 al hospital trabajando apenas con 5\ncamas.<\/p>\n\n\n\n<p>\u201cDurante\nla reuni\u00f3n, algunos asistentes propusieron la posibilidad de declarar un toque\nde queda, por espacio de 15 d\u00edas en el municipio, ante la preocupaci\u00f3n de que\nse dispare de manera descontrolada el n\u00famero de contagios, lo cual no fue\nacordado\u201d, se inform\u00f3 mediante un comunicado del ayuntamiento juchiteco.<\/p>\n\n\n\n<p>A\nla reuni\u00f3n acudieron el oficial encargado de la Guardia Nacional en esta\nciudad, Marcos Ruvalcaba Ruiz; el delegado de la Polic\u00eda Vial Estatal, Octavio\nRodr\u00edguez Castillo; el inspector de Vialidad y Tr\u00e1nsito, del gobierno local,\nJavier Jim\u00e9nez Escobar y el coordinador de Protecci\u00f3n Civil municipal, William\nL\u00f3pez Cabrera; as\u00ed como el representante de Bomberos de Juchit\u00e1n.<\/p>\n\n\n\n<p>As\u00ed\nmismo, el coordinador de Planeaci\u00f3n y Desarrollo, Diego Och G\u00f3mez, y la\ncoordinadora de Regulaci\u00f3n Sanitaria, Leticia Ayuso Bustamante, ambos de la\nJurisdicci\u00f3n Sanitaria; el suboficial de la Polic\u00eda Estatal, Marcos Garc\u00eda\nSantiago.<\/p>\n","protected":false},"excerpt":{"rendered":"<p>Ismael Garc\u00eda M.\/Zona Roja. Oaxaca de Ju\u00e1rez, Oax., M\u00e1s de tres meses despu\u00e9s de iniciada&hellip;<\/p>\n","protected":false},"author":2,"featured_media":14536,"comment_status":"closed","ping_status":"open","sticky":false,"template":"","format":"standard","meta":{"_lmt_disableupdate":"","_lmt_disable":"","_jetpack_memberships_contains_paid_content":false,"footnotes":""},"categories":[109,47],"tags":[1512,123],"class_list":["post-14535","post","type-post","status-publish","format-standard","has-post-thumbnail","hentry","category-minuto-a-minuto","category-zona-gris","tag-coronavirus-oaxaca","tag-juchitan-de-zaragoza"],"jetpack_featured_media_url":"https:\/\/zonaroja.com.mx\/wp-content\/uploads\/2020\/07\/Mercado-Juchit\u00e1n.jpg","jetpack_sharing_enabled":true,"_links":{"self":[{"href":"https:\/\/zonaroja.com.mx\/index.php?rest_route=\/wp\/v2\/posts\/14535","targetHints":{"allow":["GET"]}}],"collection":[{"href":"https:\/\/zonaroja.com.mx\/index.php?rest_route=\/wp\/v2\/posts"}],"about":[{"href":"https:\/\/zonaroja.com.mx\/index.php?rest_route=\/wp\/v2\/types\/post"}],"author":[{"embeddable":true,"href":"https:\/\/zonaroja.com.mx\/index.php?rest_route=\/wp\/v2\/users\/2"}],"replies":[{"embeddable":true,"href":"https:\/\/zonaroja.com.mx\/index.php?rest_route=%2Fwp%2Fv2%2Fcomments&post=14535"}],"version-history":[{"count":1,"href":"https:\/\/zonaroja.com.mx\/index.php?rest_route=\/wp\/v2\/posts\/14535\/revisions"}],"predecessor-version":[{"id":14537,"href":"https:\/\/zonaroja.com.mx\/index.php?rest_route=\/wp\/v2\/posts\/14535\/revisions\/14537"}],"wp:featuredmedia":[{"embeddable":true,"href":"https:\/\/zonaroja.com.mx\/index.php?rest_route=\/wp\/v2\/media\/14536"}],"wp:attachment":[{"href":"https:\/\/zonaroja.com.mx\/index.php?rest_route=%2Fwp%2Fv2%2Fmedia&parent=14535"}],"wp:term":[{"taxonomy":"category","embeddable":true,"href":"https:\/\/zonaroja.com.mx\/index.php?rest_route=%2Fwp%2Fv2%2Fcategories&post=14535"},{"taxonomy":"post_tag","embeddable":true,"href":"https:\/\/zonaroja.com.mx\/index.php?rest_route=%2Fwp%2Fv2%2Ftags&post=14535"}],"curies":[{"name":"wp","href":"https:\/\/api.w.org\/{rel}","templated":true}]}}