{"id":14538,"date":"2020-07-02T20:41:04","date_gmt":"2020-07-03T01:41:04","guid":{"rendered":"http:\/\/www.zonaroja.com.mx\/?p=14538"},"modified":"2020-07-02T20:41:09","modified_gmt":"2020-07-03T01:41:09","slug":"periodismo-de-opinion-y-caricatura-politica-generos-imprescindibles","status":"publish","type":"post","link":"https:\/\/zonaroja.com.mx\/?p=14538","title":{"rendered":"Periodismo de opini\u00f3n y caricatura pol\u00edtica, g\u00e9neros imprescindibles"},"content":{"rendered":"\n<p>Evlin\nArag\u00f3n\/Zona&nbsp; Roja.<\/p>\n\n\n\n<p>Oaxaca\nde Ju\u00e1rez, Oax., 2 de julio de 2020.- \u201cOpinar en libertad es fundamental en\nestos tiempos; sin embargo, se vuelve una posici\u00f3n inc\u00f3moda sobre todo para\nquienes tienen otros datos\u201d, refiri\u00f3 hoy la periodista Soledad Jarqu\u00edn Edgar en\nla conferencia virtual titulada \u201cCaricatura pol\u00edtica y periodismo de opini\u00f3n,\norganizada como parte de las actividades del Premio Nacional de Periodismo\n2019.<\/p>\n\n\n\n<p>De\nacuerdo con la comunicadora, actualmente hay una profunda descalificaci\u00f3n del\nperiodismo de opini\u00f3n por parte de quienes est\u00e1n en el poder, al punto que una buena\nparte del gremio ha sido se\u00f1alado de conservador por las investigaciones\nrealizadas en torno a la pandemia.&nbsp; <\/p>\n\n\n\n<p>Lo anterior constituye un riesgo para la prensa mexicana y contribuye sin duda a la polarizaci\u00f3n, a veces muy grave, con afectaciones en otros sectores sociales abordados en los art\u00edculos de opini\u00f3n, en el caso de la contingencia afecta al sector que se encuentra en la primera l\u00ednea enfrentando la pandemia.<\/p>\n\n\n\n<figure class=\"wp-block-embed-twitter wp-block-embed is-type-rich is-provider-twitter\"><div class=\"wp-block-embed__wrapper\">\n<div class=\"twitter-tweet\"><blockquote class=\"twitter-tweet\" data-lang=\"es\"><p lang=\"es\" dir=\"ltr\"><a href=\"https:\/\/twitter.com\/hashtag\/%C3%9AltimoMinuto?src=hash&amp;ref_src=twsrc%5Etfw\">#\u00daltimoMinuto<\/a> <br>V\u00eda remota, esta ma\u00f1ana se realiza la rueda de prensa \u201cCaricatura pol\u00edtica y periodismo de opini\u00f3n\u201d, con la participaci\u00f3n del rector de la <a href=\"https:\/\/twitter.com\/UABJO?ref_src=twsrc%5Etfw\">@UABJO<\/a>, <a href=\"https:\/\/twitter.com\/Bautistaeduardo?ref_src=twsrc%5Etfw\">@Bautistaeduardo<\/a>, y de los periodistas <a href=\"https:\/\/twitter.com\/jarquinedgar?ref_src=twsrc%5Etfw\">@jarquinedgar<\/a> y <a href=\"https:\/\/twitter.com\/Dariomonero?ref_src=twsrc%5Etfw\">@Dariomonero<\/a>, entre otros. <a href=\"https:\/\/t.co\/kb3vdpLcZZ\">pic.twitter.com\/kb3vdpLcZZ<\/a><\/p>&mdash; Zona Roja Oaxaca (@MexRoja) <a href=\"https:\/\/twitter.com\/MexRoja\/status\/1278743190967775232?ref_src=twsrc%5Etfw\">2 de julio de 2020<\/a><\/blockquote><\/div>\n<\/div><\/figure>\n\n\n\n<p>Record\u00f3\nque la libertad de opinar tiene sustentos normativos en el \u00e1mbito internacional\ny nacional que no hay que perder de vista, adem\u00e1s que es un derecho humano que\nbeneficia no s\u00f3lo al gremio periodista, sino a la sociedad en general, por\ntanto, hizo un llamado a defenderlo actuando desde la responsabilidad y la\n\u00e9tica.<\/p>\n\n\n\n<p>\u201cHay\nque defender el derecho a opinar que solo se puede hacer siendo m\u00e1s\nprofesionales, con compromiso y lealtad a los principios period\u00edsticos, para\nllevar a las personas, a partir del an\u00e1lisis, los elementos que les permitan\ntomar mejores decisiones\u201d, refiri\u00f3.<\/p>\n\n\n\n<p>La\nperiodista y tambi\u00e9n presidenta del jurado calificador del Premio Nacional de\nPeriodismo 2019, anuncio que se ampl\u00eda en plazo para el pr\u00f3ximo13 de julio para\nque las y los periodistas de Oaxaca participen en la convocatoria.<\/p>\n\n\n\n<p>IMPORTANTE\nCUESTIONAR<\/p>\n\n\n\n<p>Mientras\nque el oaxaque\u00f1o Dar\u00edo Castillejos, con 30 a\u00f1os de experiencia en el humor\npol\u00edtico, resalt\u00f3 la importancia de la caricatura como g\u00e9nero period\u00edstico, que\ntiene como principal funci\u00f3n deformar la realidad para comprenderla mucho\nmejor, incluida la pandemia que ha sido el tema central en los \u00faltimos meses.<\/p>\n\n\n\n<p>\u201cNo se trata de una burla constante, sino de mover la conciencia cr\u00edtica\u201d, refiri\u00f3 el caricaturista que ya ha sido premiado a nivel nacional por su trabajo y que durante los \u00faltimos meses ha evidenciado a trav\u00e9s de sus cartones la desinformaci\u00f3n, las contradicciones y la incertidumbre que ha generado por la contingencia sanitaria.<\/p>\n\n\n\n<figure class=\"wp-block-embed-twitter wp-block-embed is-type-rich is-provider-twitter\"><div class=\"wp-block-embed__wrapper\">\n<div class=\"twitter-tweet\"><blockquote class=\"twitter-tweet\" data-lang=\"es\"><p lang=\"es\" dir=\"ltr\">En conferencia virtual, el rector de la <a href=\"https:\/\/twitter.com\/UABJO?ref_src=twsrc%5Etfw\">@UABJO<\/a>, <a href=\"https:\/\/twitter.com\/Bautistaeduardo?ref_src=twsrc%5Etfw\">@Bautistaeduardo<\/a> dio la bienvenida a los periodistas en la rueda de prensa \u201cCaricatura Pol\u00edtica y periodismo de opini\u00f3n\u201d, organizada entre la <a href=\"https:\/\/twitter.com\/UABJO?ref_src=twsrc%5Etfw\">@UABJO<\/a> y el <a href=\"https:\/\/twitter.com\/CCPNPMex?ref_src=twsrc%5Etfw\">@CCPNPMex<\/a>. <a href=\"https:\/\/t.co\/LMosPMeXii\">pic.twitter.com\/LMosPMeXii<\/a><\/p>&mdash; Zona Roja Oaxaca (@MexRoja) <a href=\"https:\/\/twitter.com\/MexRoja\/status\/1278821051271532544?ref_src=twsrc%5Etfw\">2 de julio de 2020<\/a><\/blockquote><\/div>\n<\/div><\/figure>\n\n\n\n<p>Para\nCastillejos, el material gr\u00e1fico realizado ayuda sin lugar a dudas a generar\nuna opini\u00f3n p\u00fablica critica, que cuestione lo que no le gusta de los gobiernos\ny que mueva conciencias, por lo que es importante que tambi\u00e9n se reconozca el\ntrabajo como parte del Premio Nacional de Periodismo que a\u00fan se encuentra en\nperiodo de recepci\u00f3n.<\/p>\n\n\n\n<p>CIUDADAN\u00cdA\nCR\u00cdTICA<\/p>\n\n\n\n<p>Por\nsu parte y como anfitri\u00f3n de la conferencia virtual, el rector de la\nUniversidad Aut\u00f3noma \u201cBenito Ju\u00e1rez\u201d de Oaxaca (UABJO), Eduardo Bautista\nMart\u00ednez, destac\u00f3 que el premio se realice con el acompa\u00f1amiento de las\nuniversidades p\u00fablicas y aut\u00f3nomas, que tienen como parte de sus objetivos\ngenerar ciudadan\u00eda critica, participativa, bien informada y responsable.\n\nConfi\u00f3 en la\nautonom\u00eda y responsabilidad del jurado calificador para seleccionar los mejores\nesfuerzos sin ning\u00fan tipo de intervenci\u00f3n y que permitan el reconocimiento de\nlo mejor del periodismo en M\u00e9xico, en cada uno de sus vertientes sea nota\ninformativa, reportajes e incluso caricatura pol\u00edtica. \n\n\n\n<\/p>\n","protected":false},"excerpt":{"rendered":"<p>Evlin Arag\u00f3n\/Zona&nbsp; Roja. Oaxaca de Ju\u00e1rez, Oax., 2 de julio de 2020.- \u201cOpinar en libertad&hellip;<\/p>\n","protected":false},"author":2,"featured_media":14539,"comment_status":"closed","ping_status":"open","sticky":false,"template":"","format":"standard","meta":{"_lmt_disableupdate":"","_lmt_disable":"","_jetpack_memberships_contains_paid_content":false,"footnotes":""},"categories":[109,46],"tags":[1729,282],"class_list":["post-14538","post","type-post","status-publish","format-standard","has-post-thumbnail","hentry","category-minuto-a-minuto","category-zona-blanca","tag-premio-nacional-de-periodismo-ciudadano","tag-universidad-autonoma-benito-juarez-de-oaxaca"],"jetpack_featured_media_url":"https:\/\/zonaroja.com.mx\/wp-content\/uploads\/2020\/07\/Conferencia-UABJO.jpg","jetpack_sharing_enabled":true,"_links":{"self":[{"href":"https:\/\/zonaroja.com.mx\/index.php?rest_route=\/wp\/v2\/posts\/14538","targetHints":{"allow":["GET"]}}],"collection":[{"href":"https:\/\/zonaroja.com.mx\/index.php?rest_route=\/wp\/v2\/posts"}],"about":[{"href":"https:\/\/zonaroja.com.mx\/index.php?rest_route=\/wp\/v2\/types\/post"}],"author":[{"embeddable":true,"href":"https:\/\/zonaroja.com.mx\/index.php?rest_route=\/wp\/v2\/users\/2"}],"replies":[{"embeddable":true,"href":"https:\/\/zonaroja.com.mx\/index.php?rest_route=%2Fwp%2Fv2%2Fcomments&post=14538"}],"version-history":[{"count":1,"href":"https:\/\/zonaroja.com.mx\/index.php?rest_route=\/wp\/v2\/posts\/14538\/revisions"}],"predecessor-version":[{"id":14540,"href":"https:\/\/zonaroja.com.mx\/index.php?rest_route=\/wp\/v2\/posts\/14538\/revisions\/14540"}],"wp:featuredmedia":[{"embeddable":true,"href":"https:\/\/zonaroja.com.mx\/index.php?rest_route=\/wp\/v2\/media\/14539"}],"wp:attachment":[{"href":"https:\/\/zonaroja.com.mx\/index.php?rest_route=%2Fwp%2Fv2%2Fmedia&parent=14538"}],"wp:term":[{"taxonomy":"category","embeddable":true,"href":"https:\/\/zonaroja.com.mx\/index.php?rest_route=%2Fwp%2Fv2%2Fcategories&post=14538"},{"taxonomy":"post_tag","embeddable":true,"href":"https:\/\/zonaroja.com.mx\/index.php?rest_route=%2Fwp%2Fv2%2Ftags&post=14538"}],"curies":[{"name":"wp","href":"https:\/\/api.w.org\/{rel}","templated":true}]}}