{"id":14544,"date":"2020-07-02T21:28:33","date_gmt":"2020-07-03T02:28:33","guid":{"rendered":"http:\/\/www.zonaroja.com.mx\/?p=14544"},"modified":"2020-07-02T21:28:37","modified_gmt":"2020-07-03T02:28:37","slug":"detiene-policia-estatal-a-presunto-narcomenudista-en-el-istmo","status":"publish","type":"post","link":"https:\/\/zonaroja.com.mx\/?p=14544","title":{"rendered":"Detiene Polic\u00eda Estatal a presunto \u201cnarcomenudista\u201d en el Istmo"},"content":{"rendered":"\n<p>Redacci\u00f3n\/Zona\nRoja.<\/p>\n\n\n\n<p>Oaxaca\nde Ju\u00e1rez, Oax., 2 de julio de 2020.- Un presunto \u201cnarcomenudista\u201d fue detenido\nhoy por elementos de la Polic\u00eda Estatal, adscritos a la Secretar\u00eda de Seguridad\nP\u00fablica de Oaxaca.<\/p>\n\n\n\n<p>La\naprehensi\u00f3n se efectu\u00f3 en Juchit\u00e1n de Zaragoza y al individuo identificado como\nEduardo D. C. le decomisaron alrededor de 220 dosis de droga, presuntamente\ncoca\u00edna y cristal, por lo cual fue puesto a disposici\u00f3n del Ministerio P\u00fablico\nfederal.<\/p>\n\n\n\n<p>De\nacuerdo con el reporte de la polic\u00eda, los hechos ocurrieron cuando los\nelementos realizaban su recorrido de vigilancia en la poblaci\u00f3n.<\/p>\n\n\n\n<p>De\npronto observaron a una persona que mostr\u00f3 una actitud sospechosa y por lo cual\nfue detenido por la polic\u00eda.<\/p>\n\n\n\n<p>Durante\nla revisi\u00f3n se le encontr\u00f3 220 dosis de droga, entre ellas cristal, por lo cual\nfue detenido.<\/p>\n\n\n\n<p>El\nsujeto dijo llamarse Eduardo D. C., de 29 a\u00f1os de edad y de acuerdo con reportes\nde seguridad, era uno de los individuos m\u00e1s buscados por tr\u00e1fico de enervantes.<\/p>\n","protected":false},"excerpt":{"rendered":"<p>Redacci\u00f3n\/Zona Roja. Oaxaca de Ju\u00e1rez, Oax., 2 de julio de 2020.- Un presunto \u201cnarcomenudista\u201d fue&hellip;<\/p>\n","protected":false},"author":2,"featured_media":14545,"comment_status":"closed","ping_status":"open","sticky":false,"template":"","format":"standard","meta":{"_lmt_disableupdate":"","_lmt_disable":"","_jetpack_memberships_contains_paid_content":false,"footnotes":""},"categories":[109,51],"tags":[123],"class_list":["post-14544","post","type-post","status-publish","format-standard","has-post-thumbnail","hentry","category-minuto-a-minuto","category-zona-roja","tag-juchitan-de-zaragoza"],"jetpack_featured_media_url":"https:\/\/zonaroja.com.mx\/wp-content\/uploads\/2020\/07\/Detenido-Istmo.jpg","jetpack_sharing_enabled":true,"_links":{"self":[{"href":"https:\/\/zonaroja.com.mx\/index.php?rest_route=\/wp\/v2\/posts\/14544","targetHints":{"allow":["GET"]}}],"collection":[{"href":"https:\/\/zonaroja.com.mx\/index.php?rest_route=\/wp\/v2\/posts"}],"about":[{"href":"https:\/\/zonaroja.com.mx\/index.php?rest_route=\/wp\/v2\/types\/post"}],"author":[{"embeddable":true,"href":"https:\/\/zonaroja.com.mx\/index.php?rest_route=\/wp\/v2\/users\/2"}],"replies":[{"embeddable":true,"href":"https:\/\/zonaroja.com.mx\/index.php?rest_route=%2Fwp%2Fv2%2Fcomments&post=14544"}],"version-history":[{"count":1,"href":"https:\/\/zonaroja.com.mx\/index.php?rest_route=\/wp\/v2\/posts\/14544\/revisions"}],"predecessor-version":[{"id":14546,"href":"https:\/\/zonaroja.com.mx\/index.php?rest_route=\/wp\/v2\/posts\/14544\/revisions\/14546"}],"wp:featuredmedia":[{"embeddable":true,"href":"https:\/\/zonaroja.com.mx\/index.php?rest_route=\/wp\/v2\/media\/14545"}],"wp:attachment":[{"href":"https:\/\/zonaroja.com.mx\/index.php?rest_route=%2Fwp%2Fv2%2Fmedia&parent=14544"}],"wp:term":[{"taxonomy":"category","embeddable":true,"href":"https:\/\/zonaroja.com.mx\/index.php?rest_route=%2Fwp%2Fv2%2Fcategories&post=14544"},{"taxonomy":"post_tag","embeddable":true,"href":"https:\/\/zonaroja.com.mx\/index.php?rest_route=%2Fwp%2Fv2%2Ftags&post=14544"}],"curies":[{"name":"wp","href":"https:\/\/api.w.org\/{rel}","templated":true}]}}