{"id":14548,"date":"2020-07-03T08:00:15","date_gmt":"2020-07-03T13:00:15","guid":{"rendered":"http:\/\/www.zonaroja.com.mx\/?p=14548"},"modified":"2020-07-02T21:41:36","modified_gmt":"2020-07-03T02:41:36","slug":"amplia-poder-judicial-suspension-de-actividades-hasta-el-15-de-julio","status":"publish","type":"post","link":"https:\/\/zonaroja.com.mx\/?p=14548","title":{"rendered":"Ampl\u00eda Poder Judicial suspensi\u00f3n de actividades hasta el 15 de julio"},"content":{"rendered":"\n<p>Redacci\u00f3n\/Zona\nRoja.<\/p>\n\n\n\n<p>Oaxaca\nde Ju\u00e1rez, Oax., 3 de julio de 2020.- Debido a que Oaxaca a\u00fan se encuentra en\nsem\u00e1foro rojo y con la finalidad evitar la propagaci\u00f3n del virus SARS-CoV2, los\nplenos del Tribunal Superior de Justicia y del Consejo de la Judicatura,\nconforme al Acuerdo General Conjunto 9\/2020, prorrogaron la suspensi\u00f3n de las\nactividades jurisdiccionales no esenciales hasta el 15 de julio de 2020, con la\nposibilidad de reanudar labores el 16 de julio pr\u00f3ximo.<\/p>\n\n\n\n<p>Los\nplenos consideraron que la prolongaci\u00f3n del per\u00edodo de contingencia sanitaria\nexige mayor compromiso para cumplir con la funci\u00f3n constitucional encomendada,\nas\u00ed como el dise\u00f1o de un nuevo esquema de trabajo para los \u00f3rganos\njurisdiccionales, preservando la salud del p\u00fablico, de las y los servidores\np\u00fablicos judiciales, lo cual da paso a una segunda etapa de restablecimiento de\nla actividad laboral.<\/p>\n\n\n\n<p>Para\nello, dentro del Acuerdo General Conjunto 9\/2020 se ampliaron las actuaciones\nde los \u00f3rganos jurisdiccionales de la siguiente forma:<\/p>\n\n\n\n<p>*\nLos juzgados civiles, familiares, mercantil oral, penales tradicionales y de\ncompetencia mixta, deber\u00e1n atender otro tipo de asuntos, en los siguientes\nt\u00e9rminos y condiciones:<\/p>\n\n\n\n<p>&#8211;\nLas demandas y promociones se presentar\u00e1n deposit\u00e1ndose en el buz\u00f3n instalado\nen el edificio ubicado en Divisi\u00f3n Oriente n\u00famero 618, previa cita electr\u00f3nica.\nEn los dem\u00e1s distritos judiciales se presentar\u00e1n directamente en la oficial\u00eda\nde cada juzgado con previa cita electr\u00f3nica.<\/p>\n\n\n\n<p>&#8211;\nDeber\u00e1n proveer las demandas o promociones que se presenten, excepto aquellas\nen que se pida fecha para audiencia de cualquier naturaleza.<\/p>\n\n\n\n<p>&#8211;\nDeber\u00e1n emitir las sentencias y resoluciones que se encuentren en estado, salvo\nlas correspondientes a los juicios orales mercantiles que deben pronunciarse en\naudiencia.<\/p>\n\n\n\n<p>&#8211;\nEn materia mercantil, para el desahogo de la audiencia preliminar a que se\nrefiere el art\u00edculo 1390-Bis 32 y 1390-Bis 11 del C\u00f3digo de Comercio, deber\u00e1n\naprovecharse las posibilidades tecnol\u00f3gicas de videoconferencia para no\nllevarla a cabo de manera presencial.<\/p>\n\n\n\n<p>&#8211;\nDeber\u00e1n practicar las notificaciones a trav\u00e9s de correo electr\u00f3nico. Cualquier\notro tipo de notificaciones se reservar\u00e1 hasta la reanudaci\u00f3n total de\nactividades.<\/p>\n\n\n\n<p>-En\nmateria Penal Adversarial, adem\u00e1s de los asuntos urgentes que se encuentran\nprevistos en el acuerdo General Conjunto 3\/2020, tambi\u00e9n deber\u00e1n atenderse las\nsolicitudes de procedimiento abreviado, cuando el imputado o imputada se\nencuentre en prisi\u00f3n preventiva.<\/p>\n\n\n\n<p>-En\nmateria Penal tradicional se reanudar\u00e1 para atender s\u00f3lo los asuntos urgentes\ncomo ejecuci\u00f3n de \u00f3rdenes de aprehensi\u00f3n, declaraci\u00f3n preparatoria, resoluci\u00f3n\nde t\u00e9rmino constitucional, fijar libertad bajo cauci\u00f3n y dictar sentencia\ncuando se haya celebrado audiencia de vista.<\/p>\n\n\n\n<p>-Los\njuzgados de Ejecuci\u00f3n de Penas deber\u00e1n atender asuntos urgentes como\nsolicitudes sobre controversias de beneficios que impliquen libertad, asuntos\nrelacionados con las condiciones de<\/p>\n\n\n\n<p>internamiento\nde las personas privadas de la libertad, cuestiones de traslados urgentes,\npeticiones de tr\u00e1mite que puedan acordarse y resolverse, as\u00ed como lo\nrelacionado con la compurgaci\u00f3n inminente de la pena de prisi\u00f3n impuesta.<\/p>\n\n\n\n<p>&#8211;\nEn los juzgados de Justicia Penal para Adolescentes se atender\u00e1n como casos\nurgentes cuando la o el adolescente se encuentre bajo una medida de\ninternamiento.<\/p>\n\n\n\n<p>-En\nlos juzgados de Control, de Ejecuci\u00f3n Penal y en el de Adolescentes, los jefes\nde causa organizar\u00e1n las guardias del personal administrativo; los jueces\ncoordinadores las guardias de sus pares y trat\u00e1ndose del personal de\ninform\u00e1tica, la Direcci\u00f3n de Planeaci\u00f3n del Consejo de la Judicatura.<\/p>\n\n\n\n<p>&#8211;\nEl servicio de los \u00f3rganos jurisdiccionales se reanudar\u00e1 para atender s\u00f3lo los\nasuntos urgentes a que se refieren los acuerdos 2\/2020 y 3\/2020, as\u00ed como los\nrelacionados en los Considerandos anteriores.<\/p>\n\n\n\n<p>-La\nEscuela Judicial del Poder Judicial del Estado retomar\u00e1 sus actividades\ncambiando la modalidad, de presencial a distancia, a trav\u00e9s de plataformas de\nvideoconferencias que permitan cumplir los planes de estudios que ya se hab\u00edan\nprogramado.<\/p>\n\n\n\n<p>-El\nCentro de Justicia Alternativa reanudar\u00e1 sus actividades en t\u00e9rminos esenciales\ncomo el uso de tecnolog\u00edas de comunicaci\u00f3n en sus mecanismos de soluci\u00f3n de\ncontroversias, servicios de terapia, tambi\u00e9n sustituir peticiones presenciales\npor telef\u00f3nicas, se comunicar\u00e1n con los mediados o intervinientes en los\nprocedimientos alternativos en tr\u00e1mite v\u00eda telef\u00f3nica.<\/p>\n\n\n\n<p>En\ntanto se reanudan las actividades presenciales a mayor escala la ciudadan\u00eda\npuede requerir datos sobre tr\u00e1mites y servicios relacionados con la instituci\u00f3n\na trav\u00e9s de Centro de Respuesta Inmediata JusticiaTel 800 719 22 32, que en la\ncontingencia sanitaria por Covid-19 se ha convertido en una medida de apoyo\npara orientar y brindar informaci\u00f3n a las personas.<\/p>\n\n\n\n<p>El\nAcuerdo General Conjunto 9\/2020 \u00edntegro, al igual de los anteriors, se puede\nconsultar en la p\u00e1gina web institucional <a href=\"http:\/\/www.tribunaloaxaca.gob.mx\">www.tribunaloaxaca.gob.mx<\/a>.<\/p>\n","protected":false},"excerpt":{"rendered":"<p>Redacci\u00f3n\/Zona Roja. Oaxaca de Ju\u00e1rez, Oax., 3 de julio de 2020.- Debido a que Oaxaca&hellip;<\/p>\n","protected":false},"author":2,"featured_media":14549,"comment_status":"closed","ping_status":"open","sticky":false,"template":"","format":"standard","meta":{"_lmt_disableupdate":"","_lmt_disable":"","_jetpack_memberships_contains_paid_content":false,"footnotes":""},"categories":[109,46],"tags":[223],"class_list":["post-14548","post","type-post","status-publish","format-standard","has-post-thumbnail","hentry","category-minuto-a-minuto","category-zona-blanca","tag-poder-judicial-de-oaxaca"],"jetpack_featured_media_url":"https:\/\/zonaroja.com.mx\/wp-content\/uploads\/2020\/07\/01-TRIBUNAL.jpg","jetpack_sharing_enabled":true,"_links":{"self":[{"href":"https:\/\/zonaroja.com.mx\/index.php?rest_route=\/wp\/v2\/posts\/14548","targetHints":{"allow":["GET"]}}],"collection":[{"href":"https:\/\/zonaroja.com.mx\/index.php?rest_route=\/wp\/v2\/posts"}],"about":[{"href":"https:\/\/zonaroja.com.mx\/index.php?rest_route=\/wp\/v2\/types\/post"}],"author":[{"embeddable":true,"href":"https:\/\/zonaroja.com.mx\/index.php?rest_route=\/wp\/v2\/users\/2"}],"replies":[{"embeddable":true,"href":"https:\/\/zonaroja.com.mx\/index.php?rest_route=%2Fwp%2Fv2%2Fcomments&post=14548"}],"version-history":[{"count":1,"href":"https:\/\/zonaroja.com.mx\/index.php?rest_route=\/wp\/v2\/posts\/14548\/revisions"}],"predecessor-version":[{"id":14550,"href":"https:\/\/zonaroja.com.mx\/index.php?rest_route=\/wp\/v2\/posts\/14548\/revisions\/14550"}],"wp:featuredmedia":[{"embeddable":true,"href":"https:\/\/zonaroja.com.mx\/index.php?rest_route=\/wp\/v2\/media\/14549"}],"wp:attachment":[{"href":"https:\/\/zonaroja.com.mx\/index.php?rest_route=%2Fwp%2Fv2%2Fmedia&parent=14548"}],"wp:term":[{"taxonomy":"category","embeddable":true,"href":"https:\/\/zonaroja.com.mx\/index.php?rest_route=%2Fwp%2Fv2%2Fcategories&post=14548"},{"taxonomy":"post_tag","embeddable":true,"href":"https:\/\/zonaroja.com.mx\/index.php?rest_route=%2Fwp%2Fv2%2Ftags&post=14548"}],"curies":[{"name":"wp","href":"https:\/\/api.w.org\/{rel}","templated":true}]}}