{"id":14551,"date":"2020-07-03T09:00:37","date_gmt":"2020-07-03T14:00:37","guid":{"rendered":"http:\/\/www.zonaroja.com.mx\/?p=14551"},"modified":"2020-07-02T21:45:49","modified_gmt":"2020-07-03T02:45:49","slug":"tuxtepec-tierra-de-feminicidos-y-desaparicion-de-mujeres","status":"publish","type":"post","link":"https:\/\/zonaroja.com.mx\/?p=14551","title":{"rendered":"Tuxtepec, tierra de feminicidos y desaparici\u00f3n de mujeres"},"content":{"rendered":"\n<p>Yuridiana\nSosa\/Zona Roja.<\/p>\n\n\n\n<p>Oaxaca\nde Ju\u00e1rez, Oax., 3 de junio de 2020.- De acuerdo con datos de Consorcio Oaxaca,\nSan Juan Bautista Tuxtepec es el municipio m\u00e1s violento para las mujeres en lo\nque va del 2020, donde los feminicidios y las desapariciones no cesan.<\/p>\n\n\n\n<p>Datos\nde la asociaci\u00f3n civil feminista de Oaxaca, se\u00f1alan que de los 60 feminicidios\nen la entidad entre los meses de enero a junio, el 65 por ciento se registran\nen la regi\u00f3n de la Cuenca.<\/p>\n\n\n\n<p>Mientras\nque de forma espec\u00edfica, en San Juan Bautista Tuxtepec han ocurrido el 60 por\nciento de los 71 feminicidios en la regi\u00f3n durante el sexenio de Alejandro\nMurat Hinojosa.<\/p>\n\n\n\n<p>Consorcio\npara el Di\u00e1logo Parlamentario y la Equidad Oaxaca precis\u00f3 que, del 1 de\ndiciembre, con la llegada de Murat Hinojosa al poder, a la fecha se han\ncometido 441 asesinatos violentos por raz\u00f3n de g\u00e9nero.<\/p>\n\n\n\n<p>En\ncuanto al tema de las desapariciones de mujeres, revelaron que las regiones\nCuenca, el Istmo y Valles Centrales acumulan el 78 por ciento de los casos\nreportados en lo que va del sexenio.<\/p>\n\n\n\n<p>Del\ntotal de mujeres desaparecidas en Oaxaca, 818 casos, s\u00f3lo el 13 por ciento se\nlocalizaron, pero sin informaci\u00f3n precisa sobre las condiciones f\u00edsicas o\npsicoemocionales en que fueron encontradas, adem\u00e1s, nueve de ellas aparecieron\nsin vida y con signos de haber sido asesinadas con violencia extrema.<\/p>\n\n\n\n<p>Consorcio\nOaxaca se uni\u00f3 a la exigencia de justicia y la b\u00fasqueda que emprenden\ncolectivos y las familias v\u00edctimas de este delito.<\/p>\n\n\n\n<p>\u201cLos\nmensajes de protesta #JusticiaParaSol, #OaxacaEstadoFeminicida y No queremos\nGuelaguetza, queremos a nuestras hermanas de vuelta denuncian la negaci\u00f3n de\nEstado frente a la violencia feminicida que ha marcado la administraci\u00f3n\nactual\u201d, sentenci\u00f3 la organizaci\u00f3n.<\/p>\n\n\n\n<p>Frente\na este escenario violento, la asociaci\u00f3n exigi\u00f3 al Gobierno del Estado la\ndestituci\u00f3n inmediata de Rub\u00e9n Vasconcelos como titular de la Fiscal\u00eda General\ndel Estado de Oaxaca, por las injusticias registradas por dichos casos.<\/p>\n\n\n\n<p>As\u00ed\ntambi\u00e9n, demand\u00f3 la asignaci\u00f3n del presupuesto para operar el mecanismo de Alerta\nde Violencia de G\u00e9nero en 40 municipios de Oaxaca, as\u00ed como de a conocer la\nterna para la integraci\u00f3n de la Comisi\u00f3n de B\u00fasqueda de Personas Desaparecidas\nen el Estado de Oaxaca.\n\nA la Fiscal\u00eda General\nde la Rep\u00fablica exigi\u00f3 su intervenci\u00f3n para el seguimiento y acciones con\nrelaci\u00f3n al uso y tr\u00e1fico de armas de alto calibre en Oaxaca conforme a las\nleyes y convenios nacionales e internacionales en materia\n\n\n\n<\/p>\n","protected":false},"excerpt":{"rendered":"<p>Yuridiana Sosa\/Zona Roja. Oaxaca de Ju\u00e1rez, Oax., 3 de junio de 2020.- De acuerdo con&hellip;<\/p>\n","protected":false},"author":2,"featured_media":13909,"comment_status":"closed","ping_status":"open","sticky":false,"template":"","format":"standard","meta":{"_lmt_disableupdate":"","_lmt_disable":"","_jetpack_memberships_contains_paid_content":false,"footnotes":""},"categories":[109,51],"tags":[610,118],"class_list":["post-14551","post","type-post","status-publish","format-standard","has-post-thumbnail","hentry","category-minuto-a-minuto","category-zona-roja","tag-feminicidios-oaxaca","tag-san-juan-bautista-tuxtepec"],"jetpack_featured_media_url":"https:\/\/zonaroja.com.mx\/wp-content\/uploads\/2020\/06\/Marcha-desaparecidas-Tuxtepec.jpg","jetpack_sharing_enabled":true,"_links":{"self":[{"href":"https:\/\/zonaroja.com.mx\/index.php?rest_route=\/wp\/v2\/posts\/14551","targetHints":{"allow":["GET"]}}],"collection":[{"href":"https:\/\/zonaroja.com.mx\/index.php?rest_route=\/wp\/v2\/posts"}],"about":[{"href":"https:\/\/zonaroja.com.mx\/index.php?rest_route=\/wp\/v2\/types\/post"}],"author":[{"embeddable":true,"href":"https:\/\/zonaroja.com.mx\/index.php?rest_route=\/wp\/v2\/users\/2"}],"replies":[{"embeddable":true,"href":"https:\/\/zonaroja.com.mx\/index.php?rest_route=%2Fwp%2Fv2%2Fcomments&post=14551"}],"version-history":[{"count":1,"href":"https:\/\/zonaroja.com.mx\/index.php?rest_route=\/wp\/v2\/posts\/14551\/revisions"}],"predecessor-version":[{"id":14552,"href":"https:\/\/zonaroja.com.mx\/index.php?rest_route=\/wp\/v2\/posts\/14551\/revisions\/14552"}],"wp:featuredmedia":[{"embeddable":true,"href":"https:\/\/zonaroja.com.mx\/index.php?rest_route=\/wp\/v2\/media\/13909"}],"wp:attachment":[{"href":"https:\/\/zonaroja.com.mx\/index.php?rest_route=%2Fwp%2Fv2%2Fmedia&parent=14551"}],"wp:term":[{"taxonomy":"category","embeddable":true,"href":"https:\/\/zonaroja.com.mx\/index.php?rest_route=%2Fwp%2Fv2%2Fcategories&post=14551"},{"taxonomy":"post_tag","embeddable":true,"href":"https:\/\/zonaroja.com.mx\/index.php?rest_route=%2Fwp%2Fv2%2Ftags&post=14551"}],"curies":[{"name":"wp","href":"https:\/\/api.w.org\/{rel}","templated":true}]}}