{"id":14553,"date":"2020-07-03T07:30:14","date_gmt":"2020-07-03T12:30:14","guid":{"rendered":"http:\/\/www.zonaroja.com.mx\/?p=14553"},"modified":"2020-07-02T21:52:50","modified_gmt":"2020-07-03T02:52:50","slug":"pide-64-legislatura-a-congreso-federal-debate-sobre-ley-de-variedades-vegetales","status":"publish","type":"post","link":"https:\/\/zonaroja.com.mx\/?p=14553","title":{"rendered":"Pide 64 Legislatura a Congreso federal debate sobre Ley de Variedades Vegetales"},"content":{"rendered":"\n<p>Redacci\u00f3n\/Zona\nRoja.<\/p>\n\n\n\n<p>Oaxaca\nde Ju\u00e1rez, Oax., a 3 de julio, 2020.- La 64 Legislatura local exhort\u00f3 al Congreso\nde la Uni\u00f3n incluir mediante la modalidad de parlamento abierto, a los pueblos\ny comunidades ind\u00edgenas, campesinos, productores, acad\u00e9micos e investigadores,\nal an\u00e1lisis de las reformas que se pretenden realizar a la Ley Federal de\nVariedades Vegetales.<\/p>\n\n\n\n<p>El\nexhorto aprobado en sesi\u00f3n de este mi\u00e9rcoles e impulsado por el diputado,\nHoracio Sosa Villavicencio, presidente de la Junta de Coordinaci\u00f3n Pol\u00edtica,\nmanifiesta la importancia de las implicaciones econ\u00f3micas, sociales, culturales\ny el impacto en la soberan\u00eda alimentaria de dicha Ley.<\/p>\n\n\n\n<p>La\nproposici\u00f3n detalla que las iniciativas de reforma federal requieren de un\namplio an\u00e1lisis, ante su evidente contradicci\u00f3n con el Convenio de Diversidad\nBiol\u00f3gica, suscrito por M\u00e9xico en 1992. El caso m\u00e1s relevante, es el del\nprincipio de soberan\u00eda nacional sobre la biodiversidad, reconocido en el\nArt\u00edculo 3 del mismo tratado.<\/p>\n\n\n\n<p>Adem\u00e1s,\nporque se ponen en riesgo los derechos colectivos sobre la biodiversidad de las\ncomunidades locales, previstos en el Convenio de Diversidad Biol\u00f3gica.<\/p>\n\n\n\n<p>La\nrepresentaci\u00f3n popular extern\u00f3 su preocupaci\u00f3n ante la criminalizaci\u00f3n hacia\nlos campesinos y agricultores que establecer\u00eda dicha Ley, por el cat\u00e1logo de\nsanciones tan severas que contempla la propuesta.<\/p>\n\n\n\n<p>En\nlugar de incentivar una mayor diversidad en el suministro de semillas, a los\nagricultores se les proh\u00edbe la venta de su cosecha. Tampoco les permiten\nguardarlas o intercambiarlas aun cuando no se trate de una actividad comercial.<\/p>\n\n\n\n<p>Al\ncontrario, anima a las compa\u00f1\u00edas agroqu\u00edmicas a reclamar derechos de propiedad\nsobre los recursos gen\u00e9ticos del Sur y a hacerse con el control de la\ninvestigaci\u00f3n agr\u00edcola p\u00fablica. Adem\u00e1s, otorgar\u00eda la manipulaci\u00f3n comercial\nabsoluta del material reproductivo de su variedad en detrimento de los\ncampesinos y la diversidad agroalimentaria del pa\u00eds.<\/p>\n\n\n\n<p>Lo\nanterior generar\u00eda la p\u00e9rdida de diversidad gen\u00e9tica en la agricultura, porque\nest\u00e1 destruyendo la capacidad de los agricultores para adaptarse a nuevas\nnecesidades y problemas, como el crecimiento de la poblaci\u00f3n y el cambio clim\u00e1tico.<\/p>\n\n\n\n<p>Con\nestas consideraciones, el Congreso del Estado de Oaxaca env\u00edo el exhorto al\nCongreso Federal y el Punto de Acuerdo Legislativo a los Congresos de las\nentidades federativas para su an\u00e1lisis y eventual adhesi\u00f3n.<\/p>\n","protected":false},"excerpt":{"rendered":"<p>Redacci\u00f3n\/Zona Roja. Oaxaca de Ju\u00e1rez, Oax., a 3 de julio, 2020.- La 64 Legislatura local&hellip;<\/p>\n","protected":false},"author":2,"featured_media":14554,"comment_status":"closed","ping_status":"open","sticky":false,"template":"","format":"standard","meta":{"_lmt_disableupdate":"","_lmt_disable":"","_jetpack_memberships_contains_paid_content":false,"footnotes":""},"categories":[109,46],"tags":[444],"class_list":["post-14553","post","type-post","status-publish","format-standard","has-post-thumbnail","hentry","category-minuto-a-minuto","category-zona-blanca","tag-horacio-sosa-villavicencio"],"jetpack_featured_media_url":"https:\/\/zonaroja.com.mx\/wp-content\/uploads\/2020\/07\/Pide-64-Legislatura-a-Congreso-federal-debate-sobre-Ley-deVariedades-Vegetales.jpg","jetpack_sharing_enabled":true,"_links":{"self":[{"href":"https:\/\/zonaroja.com.mx\/index.php?rest_route=\/wp\/v2\/posts\/14553","targetHints":{"allow":["GET"]}}],"collection":[{"href":"https:\/\/zonaroja.com.mx\/index.php?rest_route=\/wp\/v2\/posts"}],"about":[{"href":"https:\/\/zonaroja.com.mx\/index.php?rest_route=\/wp\/v2\/types\/post"}],"author":[{"embeddable":true,"href":"https:\/\/zonaroja.com.mx\/index.php?rest_route=\/wp\/v2\/users\/2"}],"replies":[{"embeddable":true,"href":"https:\/\/zonaroja.com.mx\/index.php?rest_route=%2Fwp%2Fv2%2Fcomments&post=14553"}],"version-history":[{"count":1,"href":"https:\/\/zonaroja.com.mx\/index.php?rest_route=\/wp\/v2\/posts\/14553\/revisions"}],"predecessor-version":[{"id":14555,"href":"https:\/\/zonaroja.com.mx\/index.php?rest_route=\/wp\/v2\/posts\/14553\/revisions\/14555"}],"wp:featuredmedia":[{"embeddable":true,"href":"https:\/\/zonaroja.com.mx\/index.php?rest_route=\/wp\/v2\/media\/14554"}],"wp:attachment":[{"href":"https:\/\/zonaroja.com.mx\/index.php?rest_route=%2Fwp%2Fv2%2Fmedia&parent=14553"}],"wp:term":[{"taxonomy":"category","embeddable":true,"href":"https:\/\/zonaroja.com.mx\/index.php?rest_route=%2Fwp%2Fv2%2Fcategories&post=14553"},{"taxonomy":"post_tag","embeddable":true,"href":"https:\/\/zonaroja.com.mx\/index.php?rest_route=%2Fwp%2Fv2%2Ftags&post=14553"}],"curies":[{"name":"wp","href":"https:\/\/api.w.org\/{rel}","templated":true}]}}