{"id":14556,"date":"2020-07-02T21:59:02","date_gmt":"2020-07-03T02:59:02","guid":{"rendered":"http:\/\/www.zonaroja.com.mx\/?p=14556"},"modified":"2020-07-02T21:59:05","modified_gmt":"2020-07-03T02:59:05","slug":"repuntan-casos-de-covid-hoy-262-lejano-el-semaforo-naranja","status":"publish","type":"post","link":"https:\/\/zonaroja.com.mx\/?p=14556","title":{"rendered":"Repuntan casos de Covid: hoy 262; lejano el sem\u00e1foro naranja"},"content":{"rendered":"\n<p>Redacci\u00f3n\/Zona\nRoja.<\/p>\n\n\n\n<p>Oaxaca\nde Ju\u00e1rez, Oax. 2 de julio de 2020.- Al tiempo de advertir que sigue la alerta\nm\u00e1xima en Oaxaca, el secretario Salud en la entidad, Donato Casas Escamilla,\ninform\u00f3 que este jueves 2 de julio suman cinco mil 671 diagn\u00f3sticos positivos\nde Covid-19 en la entidad, de los cuales 262 son nuevos casos, estos \u00faltimos se\nubican en 58 municipios.<\/p>\n\n\n\n<p>Durante\nel informe t\u00e9cnico del avance de la pandemia, el titular de la dependencia\nindic\u00f3 en que el panorama general ya son 10 mil 111 notificaciones acumuladas, tres\nmil 163 pruebas han resultado negativas, mientras que el n\u00famero de sospechosos\nes de mil 277; en tanto los pacientes recuperados alcanzaron la cifra de 4 mil\n511.<\/p>\n\n\n\n<p>Adem\u00e1s, en un comunicado dijo que desafortunadamente al corte de este jueves se notificaron 13 decesos, dando un total de 613 personas que han perdido la vida tras contraer el virus.<\/p>\n\n\n\n<figure class=\"wp-block-image\"><img decoding=\"async\" width=\"957\" height=\"540\" src=\"http:\/\/www.zonaroja.com.mx\/wp-content\/uploads\/2020\/07\/sso-1-1.jpeg\" alt=\"\" class=\"wp-image-14557\" srcset=\"https:\/\/zonaroja.com.mx\/wp-content\/uploads\/2020\/07\/sso-1-1.jpeg 957w, https:\/\/zonaroja.com.mx\/wp-content\/uploads\/2020\/07\/sso-1-1-300x169.jpeg 300w, https:\/\/zonaroja.com.mx\/wp-content\/uploads\/2020\/07\/sso-1-1-768x433.jpeg 768w, https:\/\/zonaroja.com.mx\/wp-content\/uploads\/2020\/07\/sso-1-1-585x330.jpeg 585w\" sizes=\"(max-width: 957px) 100vw, 957px\" \/><\/figure>\n\n\n\n<p>Respecto\na los pacientes que iniciaron s\u00edntomas en los \u00faltimos 14 d\u00edas, Casas Escamilla\ndescribi\u00f3 que Valles Centrales contin\u00faa a la cabeza en los casos activos con\n276 notificaciones, Tuxtepec 140, la Mixteca 54, el Istmo 42, la Costa 21 y la\nSierra (Norte) contabiliza 14.<\/p>\n\n\n\n<p>Se\u00f1al\u00f3\nque los municipios de Oaxaca de Ju\u00e1rez y San Juan Bautista Tuxtepec representan\nel 53% del total de nuevos contagios, al registrar 85 y 55, respectivamente.\nPor lo que advirti\u00f3, \u201cque el riesgo de contagios sigue latente, no es momento de\nbajar la guardia\u201d.<\/p>\n\n\n\n<p>Al\nreafirmar que Oaxaca se mantiene en el color rojo en el sem\u00e1foro epidemiol\u00f3gico\nnacional, el funcionario hizo nuevamente un llamado al compromiso individual en\nel autocuidado de la salud. <\/p>\n","protected":false},"excerpt":{"rendered":"<p>Redacci\u00f3n\/Zona Roja. Oaxaca de Ju\u00e1rez, Oax. 2 de julio de 2020.- Al tiempo de advertir&hellip;<\/p>\n","protected":false},"author":2,"featured_media":14558,"comment_status":"closed","ping_status":"open","sticky":false,"template":"","format":"standard","meta":{"_lmt_disableupdate":"","_lmt_disable":"","_jetpack_memberships_contains_paid_content":false,"footnotes":""},"categories":[109,47],"tags":[1512],"class_list":["post-14556","post","type-post","status-publish","format-standard","has-post-thumbnail","hentry","category-minuto-a-minuto","category-zona-gris","tag-coronavirus-oaxaca"],"jetpack_featured_media_url":"https:\/\/zonaroja.com.mx\/wp-content\/uploads\/2020\/07\/sso-2-1.jpeg","jetpack_sharing_enabled":true,"_links":{"self":[{"href":"https:\/\/zonaroja.com.mx\/index.php?rest_route=\/wp\/v2\/posts\/14556","targetHints":{"allow":["GET"]}}],"collection":[{"href":"https:\/\/zonaroja.com.mx\/index.php?rest_route=\/wp\/v2\/posts"}],"about":[{"href":"https:\/\/zonaroja.com.mx\/index.php?rest_route=\/wp\/v2\/types\/post"}],"author":[{"embeddable":true,"href":"https:\/\/zonaroja.com.mx\/index.php?rest_route=\/wp\/v2\/users\/2"}],"replies":[{"embeddable":true,"href":"https:\/\/zonaroja.com.mx\/index.php?rest_route=%2Fwp%2Fv2%2Fcomments&post=14556"}],"version-history":[{"count":1,"href":"https:\/\/zonaroja.com.mx\/index.php?rest_route=\/wp\/v2\/posts\/14556\/revisions"}],"predecessor-version":[{"id":14559,"href":"https:\/\/zonaroja.com.mx\/index.php?rest_route=\/wp\/v2\/posts\/14556\/revisions\/14559"}],"wp:featuredmedia":[{"embeddable":true,"href":"https:\/\/zonaroja.com.mx\/index.php?rest_route=\/wp\/v2\/media\/14558"}],"wp:attachment":[{"href":"https:\/\/zonaroja.com.mx\/index.php?rest_route=%2Fwp%2Fv2%2Fmedia&parent=14556"}],"wp:term":[{"taxonomy":"category","embeddable":true,"href":"https:\/\/zonaroja.com.mx\/index.php?rest_route=%2Fwp%2Fv2%2Fcategories&post=14556"},{"taxonomy":"post_tag","embeddable":true,"href":"https:\/\/zonaroja.com.mx\/index.php?rest_route=%2Fwp%2Fv2%2Ftags&post=14556"}],"curies":[{"name":"wp","href":"https:\/\/api.w.org\/{rel}","templated":true}]}}