{"id":14568,"date":"2020-07-03T13:38:21","date_gmt":"2020-07-03T18:38:21","guid":{"rendered":"https:\/\/www.zonaroja.com.mx\/?p=14568"},"modified":"2020-07-03T13:38:35","modified_gmt":"2020-07-03T18:38:35","slug":"van-seccion-22-y-ucizoni-por-cancelacion-de-megaproyectos-en-el-istmo","status":"publish","type":"post","link":"https:\/\/zonaroja.com.mx\/?p=14568","title":{"rendered":"Van Secci\u00f3n 22 y Ucizoni por cancelaci\u00f3n de megaproyectos en el Istmo"},"content":{"rendered":"\n<p>Evlin Arag\u00f3n\/Zona Roja.&nbsp;<\/p>\n\n\n\n<p>Oaxaca de Ju\u00e1rez, Oax., 3 de julio de 2020.- La Secci\u00f3n 22 adherida a la Coordinadora Nacional de Trabajadores de la Educaci\u00f3n respald\u00f3 a la Ucizoni y exigi\u00f3 la cancelaci\u00f3n de los megaproyectos anunciados por los gobiernos estatal y federal para la regi\u00f3n del Istmo de Tehuantepec, zona en la que se tiene proyectado el Corredor Interoce\u00e1nico, uno de los proyectos de infraestructura m\u00e1s importantes de la administraci\u00f3n federal.<\/p>\n\n\n\n<p>En un comunicado, junto con la Uni\u00f3n de Comunidades Ind\u00edgenas de la Zona Norte del Istmo (Ucizoni), la gremial cuestion\u00f3 que en los \u00faltimos meses, aprovech\u00e1ndose del p\u00e1nico que se ha generado por la pandemia de Covid-19, los gobiernos que dicen representar al pueblo, avanzan con sus megaproyectos de despojo y aniquilamiento de las comunidades.<\/p>\n\n\n\n<p>Explicaron que pese a la contingencia sanitaria y la violencia que aumenta cada vez m\u00e1s en la entidad, el pueblo istme\u00f1o se enfrenta a la amenaza de desalojo de sus tierras debido a las obras de modernizaci\u00f3n trans\u00edstmica, que s\u00f3lo representa las ambiciones de quienes se han enriquecido a costa de quienes menos tienen.<\/p>\n\n\n\n<p>Por lo anterior, respaldaron la lucha que mantienen integrantes de la Ucizoni&nbsp;en contra de los proyectos que solo traer\u00e1n destrucci\u00f3n en la regi\u00f3n, raz\u00f3n por la que hicieron responsable a gobierno estatal y federal de todos los actos que se lleguen a cometer en contra del pueblo oaxaque\u00f1o.<\/p>\n\n\n\n<p>\u201cNo nos cansaremos de exigir la cancelaci\u00f3n de todos los proyectos de muerte y aniquilamiento que buscan saciar las ambiciones de quienes pretenden tener el control de nuestras tierras\u201d, refiere el documento emitido por el magisterio oaxaque\u00f1o.<\/p>\n\n\n\n<p>Recordaron que desde hace a\u00f1os han resistido a los saqueos de sus pueblos, se han adaptado y han construido formas diversas para defender la tierra, los recursos naturales que han sido el sustento de sus ancestros, acci\u00f3n que mantendr\u00e1n en beneficio de las nuevas generaciones.<\/p>\n\n\n\n<p>Cuestionaron el concepto de desarrollo de lo gobiernos, que incluye la destrucci\u00f3n de la naturaleza y el da\u00f1o irreparable a las comunidades ind\u00edgenas, todo lo contrario, a lo que se vive en los pueblos en resistencia de Oaxaca, que ponderan el bien com\u00fan.<\/p>\n\n\n\n<p>\u201cNo compartimos la idea de extraer de nuestra madre Tierra de forma desmedida su recurso, tampoco creemos que los seres humanos somos la especie que tiene que acabar con las dem\u00e1s especies para su beneficio\u201d, citaron.&nbsp;<\/p>\n\n\n\n<p>Finalmente reiteraron su rotunda oposici\u00f3n a los megaproyectos en la regi\u00f3n del Istmo de Tehuantepec y exigieron su cancelaci\u00f3n.<\/p>\n","protected":false},"excerpt":{"rendered":"<p>Evlin Arag\u00f3n\/Zona Roja.&nbsp; Oaxaca de Ju\u00e1rez, Oax., 3 de julio de 2020.- La Secci\u00f3n 22&hellip;<\/p>\n","protected":false},"author":2,"featured_media":13457,"comment_status":"closed","ping_status":"open","sticky":false,"template":"","format":"standard","meta":{"_lmt_disableupdate":"","_lmt_disable":"","_jetpack_memberships_contains_paid_content":false,"footnotes":""},"categories":[109,47],"tags":[],"class_list":["post-14568","post","type-post","status-publish","format-standard","has-post-thumbnail","hentry","category-minuto-a-minuto","category-zona-gris"],"jetpack_featured_media_url":"https:\/\/zonaroja.com.mx\/wp-content\/uploads\/2020\/06\/Ferrocarril-del-Istmo-1.jpg","jetpack_sharing_enabled":true,"_links":{"self":[{"href":"https:\/\/zonaroja.com.mx\/index.php?rest_route=\/wp\/v2\/posts\/14568","targetHints":{"allow":["GET"]}}],"collection":[{"href":"https:\/\/zonaroja.com.mx\/index.php?rest_route=\/wp\/v2\/posts"}],"about":[{"href":"https:\/\/zonaroja.com.mx\/index.php?rest_route=\/wp\/v2\/types\/post"}],"author":[{"embeddable":true,"href":"https:\/\/zonaroja.com.mx\/index.php?rest_route=\/wp\/v2\/users\/2"}],"replies":[{"embeddable":true,"href":"https:\/\/zonaroja.com.mx\/index.php?rest_route=%2Fwp%2Fv2%2Fcomments&post=14568"}],"version-history":[{"count":1,"href":"https:\/\/zonaroja.com.mx\/index.php?rest_route=\/wp\/v2\/posts\/14568\/revisions"}],"predecessor-version":[{"id":14569,"href":"https:\/\/zonaroja.com.mx\/index.php?rest_route=\/wp\/v2\/posts\/14568\/revisions\/14569"}],"wp:featuredmedia":[{"embeddable":true,"href":"https:\/\/zonaroja.com.mx\/index.php?rest_route=\/wp\/v2\/media\/13457"}],"wp:attachment":[{"href":"https:\/\/zonaroja.com.mx\/index.php?rest_route=%2Fwp%2Fv2%2Fmedia&parent=14568"}],"wp:term":[{"taxonomy":"category","embeddable":true,"href":"https:\/\/zonaroja.com.mx\/index.php?rest_route=%2Fwp%2Fv2%2Fcategories&post=14568"},{"taxonomy":"post_tag","embeddable":true,"href":"https:\/\/zonaroja.com.mx\/index.php?rest_route=%2Fwp%2Fv2%2Ftags&post=14568"}],"curies":[{"name":"wp","href":"https:\/\/api.w.org\/{rel}","templated":true}]}}