{"id":14570,"date":"2020-07-03T15:20:52","date_gmt":"2020-07-03T20:20:52","guid":{"rendered":"http:\/\/www.zonaroja.com.mx\/?p=14570"},"modified":"2020-07-03T15:20:55","modified_gmt":"2020-07-03T20:20:55","slug":"sector-salud-de-tuxtepec-se-levanta-en-protesta-por-carencias-en-hospital","status":"publish","type":"post","link":"https:\/\/zonaroja.com.mx\/?p=14570","title":{"rendered":"Sector salud de Tuxtepec se levanta en protesta por carencias en hospital"},"content":{"rendered":"\n<p>Yuridiana\nSosa\/Zona Roja. Foto: Cortes\u00eda<\/p>\n\n\n\n<p>San\nJuan Bautista Tuxtepec, Oax., 3 de julio de 2020.- Ante la falta de equipos de\nprotecci\u00f3n personal, insumos de higiene, as\u00ed como personal m\u00e9dico y de \u00e1reas\nauxiliares, trabajadores del sector salud de Tuxtepec iniciaron hoy una\nprotesta para exigir a los Servicios de Salud de Oaxaca atenci\u00f3n urgente al\nHospital Regional de la Cuenca en Tuxtepec.<\/p>\n\n\n\n<p>Los\nintegrantes de la Secci\u00f3n 35, 94 y 71 del Sindicato Nacional de Trabajadores de\nSalud (SNTE) se manifestaron en el acceso del nosocomio, \u00fanico asignado como hospital\nCovid en la Cuenca.<\/p>\n\n\n\n<p>Durante\nla protesta, recalcaron las carencias que sufren por la desatenci\u00f3n del\ngobierno estatal, pues desde el inicio de la contingencia han trabajado con\nmaterial donado de asociaciones, sectores sociales y de algunos legisladores.<\/p>\n\n\n\n<p>Con\nun acumulado de m\u00e1s de 200 casos positivos en el transcurso de una semana en\nSan Juan Bautista Tuxtepec, adem\u00e1s de una docena en otros municipios de la\nregi\u00f3n, los trabajadores solo cuentan con insumos para una semana m\u00e1s, report\u00f3\nla enfermara especialista Juana P\u00e9rez N\u00fa\u00f1ez.<\/p>\n\n\n\n<p>Apunt\u00f3\nque para la demanda de la poblaci\u00f3n el personal es escaso, pues son al menos 71\ntrabajadores confinados por decreto y cerca de 35 se han incapacitado, adem\u00e1s\nde un compa\u00f1ero fallecido, por lo que es desgastante para el personal que\npermanece en labores.<\/p>\n\n\n\n<p>Los\ntrabajadores del Hospital Regional han solicitado material desde el inicio de\nla contingencia, pero la ayuda del gobierno estatal no llega, incluso, a pesar\nde la advertencia de la movilizaci\u00f3n a trav\u00e9s de mesas de di\u00e1logo con la\ndirecci\u00f3n del Hospital, los SSO ignoraron el llamado.<\/p>\n\n\n\n<p>En\nla jurisdicci\u00f3n Sanitaria n\u00famero 3, de la Cuenca, existen 771 casos acumulados\ny 124 defunciones por Covid-19.&nbsp; <\/p>\n","protected":false},"excerpt":{"rendered":"<p>Yuridiana Sosa\/Zona Roja. Foto: Cortes\u00eda San Juan Bautista Tuxtepec, Oax., 3 de julio de 2020.-&hellip;<\/p>\n","protected":false},"author":2,"featured_media":14571,"comment_status":"closed","ping_status":"open","sticky":false,"template":"","format":"standard","meta":{"_lmt_disableupdate":"","_lmt_disable":"","_jetpack_memberships_contains_paid_content":false,"footnotes":""},"categories":[109,47],"tags":[1005],"class_list":["post-14570","post","type-post","status-publish","format-standard","has-post-thumbnail","hentry","category-minuto-a-minuto","category-zona-gris","tag-servicios-de-salud-de-oaxaca-sso"],"jetpack_featured_media_url":"https:\/\/zonaroja.com.mx\/wp-content\/uploads\/2020\/07\/Protesta-Tuxtepec-hospital.jpg","jetpack_sharing_enabled":true,"_links":{"self":[{"href":"https:\/\/zonaroja.com.mx\/index.php?rest_route=\/wp\/v2\/posts\/14570","targetHints":{"allow":["GET"]}}],"collection":[{"href":"https:\/\/zonaroja.com.mx\/index.php?rest_route=\/wp\/v2\/posts"}],"about":[{"href":"https:\/\/zonaroja.com.mx\/index.php?rest_route=\/wp\/v2\/types\/post"}],"author":[{"embeddable":true,"href":"https:\/\/zonaroja.com.mx\/index.php?rest_route=\/wp\/v2\/users\/2"}],"replies":[{"embeddable":true,"href":"https:\/\/zonaroja.com.mx\/index.php?rest_route=%2Fwp%2Fv2%2Fcomments&post=14570"}],"version-history":[{"count":1,"href":"https:\/\/zonaroja.com.mx\/index.php?rest_route=\/wp\/v2\/posts\/14570\/revisions"}],"predecessor-version":[{"id":14572,"href":"https:\/\/zonaroja.com.mx\/index.php?rest_route=\/wp\/v2\/posts\/14570\/revisions\/14572"}],"wp:featuredmedia":[{"embeddable":true,"href":"https:\/\/zonaroja.com.mx\/index.php?rest_route=\/wp\/v2\/media\/14571"}],"wp:attachment":[{"href":"https:\/\/zonaroja.com.mx\/index.php?rest_route=%2Fwp%2Fv2%2Fmedia&parent=14570"}],"wp:term":[{"taxonomy":"category","embeddable":true,"href":"https:\/\/zonaroja.com.mx\/index.php?rest_route=%2Fwp%2Fv2%2Fcategories&post=14570"},{"taxonomy":"post_tag","embeddable":true,"href":"https:\/\/zonaroja.com.mx\/index.php?rest_route=%2Fwp%2Fv2%2Ftags&post=14570"}],"curies":[{"name":"wp","href":"https:\/\/api.w.org\/{rel}","templated":true}]}}