{"id":14573,"date":"2020-07-03T15:53:57","date_gmt":"2020-07-03T20:53:57","guid":{"rendered":"http:\/\/www.zonaroja.com.mx\/?p=14573"},"modified":"2020-07-03T17:53:24","modified_gmt":"2020-07-03T22:53:24","slug":"en-teotitlan-de-flores-magon-exigen-por-justicia-para-fredy-asesinado-en-bar","status":"publish","type":"post","link":"https:\/\/zonaroja.com.mx\/?p=14573","title":{"rendered":"En Teotitl\u00e1n de Flores Mag\u00f3n exigen justicia para Fredy, asesinado en bar"},"content":{"rendered":"\n<p>Yuridiana\nSosa\/Zona Roja.<\/p>\n\n\n\n<p>Oaxaca\nde Juarez, Oax., 3 de julio de 2020.- Amigos de Fredy M.C. y ciudadanos de\nTeotitl\u00e1n de Flores de Mag\u00f3n marcharon este jueves para exigir justicia por su\nasesinato, as\u00ed como ataque a otro joven, el pasado 29 de junio en el interior\nde un bar en ese municipio.<\/p>\n\n\n\n<p>\u201cHoy\nfue un amigo, ma\u00f1ana puede ser un hijo\u201d, manifestaron los ciudadanos de\nTeotitl\u00e1n, respecto a Fredy, quien era originario de San Pedro Pochutla, donde\nadem\u00e1s era m\u00fasico.<\/p>\n\n\n\n<p>El\njoven fue atacado a pu\u00f1aladas y golpes durante una ri\u00f1a al interior de un bar\nen el centro de ese municipio de la regi\u00f3n Ca\u00f1ada, el cual a pesar de la\ncontingencia por Covid-19 y de las restricciones para estos giros, manten\u00edan\nsus servicios.<\/p>\n\n\n\n<p>Horas\ndespu\u00e9s, mientas recib\u00eda atenci\u00f3n m\u00e9dica, muri\u00f3 en el joven debido a las graves\nlesiones.<\/p>\n\n\n\n<p>Ayer\npor la tarde, los amigos de Fredy vistieron de blanco para honrar la memoria\ndel joven, a quien consideraban un chico que \u201csiempre estaba dispuesto a dar,\nm\u00e1s que recibir\u201d, por lo que se gan\u00f3 la simpat\u00eda y amistad de los habitantes de\nesta poblaci\u00f3n.<\/p>\n\n\n\n<p>\u201c\u00a1Exigimos\njusticia para el g\u00fcero!\u201d, \u201c\u00a1Justicia, para Fredy, Justicia!\u201d, \u201cAutoridades de\nTeotitl\u00e1n, por favor, queremos justicia!\u201d, reclamaron los dolidos con el hecho\nque constern\u00f3 a la comunidad.<\/p>\n\n\n\n<p>Con\npancartas sobre sus demandas, j\u00f3venes y adultos recorrieron las calles en\ninmediaciones del obelisco de Ricardo Flores Mag\u00f3n y las principales avenidas\nde ese municipio.<\/p>\n\n\n\n<p>El\ncaso ya es investigado por Elementos de la Agencia Estatal de Investigaciones,\npero a m\u00e1s de una semana de los hechos, a\u00fan no existen personas detenidas.<\/p>\n","protected":false},"excerpt":{"rendered":"<p>Yuridiana Sosa\/Zona Roja. Oaxaca de Juarez, Oax., 3 de julio de 2020.- Amigos de Fredy&hellip;<\/p>\n","protected":false},"author":2,"featured_media":14574,"comment_status":"closed","ping_status":"open","sticky":false,"template":"","format":"standard","meta":{"_lmt_disableupdate":"","_lmt_disable":"","_jetpack_memberships_contains_paid_content":false,"footnotes":""},"categories":[109,47],"tags":[1806],"class_list":["post-14573","post","type-post","status-publish","format-standard","has-post-thumbnail","hentry","category-minuto-a-minuto","category-zona-gris","tag-teotitlan-de-flores-magon"],"jetpack_featured_media_url":"https:\/\/zonaroja.com.mx\/wp-content\/uploads\/2020\/07\/Marcha-Teotitl\u00e1n.jpg","jetpack_sharing_enabled":true,"_links":{"self":[{"href":"https:\/\/zonaroja.com.mx\/index.php?rest_route=\/wp\/v2\/posts\/14573","targetHints":{"allow":["GET"]}}],"collection":[{"href":"https:\/\/zonaroja.com.mx\/index.php?rest_route=\/wp\/v2\/posts"}],"about":[{"href":"https:\/\/zonaroja.com.mx\/index.php?rest_route=\/wp\/v2\/types\/post"}],"author":[{"embeddable":true,"href":"https:\/\/zonaroja.com.mx\/index.php?rest_route=\/wp\/v2\/users\/2"}],"replies":[{"embeddable":true,"href":"https:\/\/zonaroja.com.mx\/index.php?rest_route=%2Fwp%2Fv2%2Fcomments&post=14573"}],"version-history":[{"count":2,"href":"https:\/\/zonaroja.com.mx\/index.php?rest_route=\/wp\/v2\/posts\/14573\/revisions"}],"predecessor-version":[{"id":14579,"href":"https:\/\/zonaroja.com.mx\/index.php?rest_route=\/wp\/v2\/posts\/14573\/revisions\/14579"}],"wp:featuredmedia":[{"embeddable":true,"href":"https:\/\/zonaroja.com.mx\/index.php?rest_route=\/wp\/v2\/media\/14574"}],"wp:attachment":[{"href":"https:\/\/zonaroja.com.mx\/index.php?rest_route=%2Fwp%2Fv2%2Fmedia&parent=14573"}],"wp:term":[{"taxonomy":"category","embeddable":true,"href":"https:\/\/zonaroja.com.mx\/index.php?rest_route=%2Fwp%2Fv2%2Fcategories&post=14573"},{"taxonomy":"post_tag","embeddable":true,"href":"https:\/\/zonaroja.com.mx\/index.php?rest_route=%2Fwp%2Fv2%2Ftags&post=14573"}],"curies":[{"name":"wp","href":"https:\/\/api.w.org\/{rel}","templated":true}]}}