{"id":14576,"date":"2020-07-03T16:02:10","date_gmt":"2020-07-03T21:02:10","guid":{"rendered":"http:\/\/www.zonaroja.com.mx\/?p=14576"},"modified":"2020-07-03T16:02:15","modified_gmt":"2020-07-03T21:02:15","slug":"destaca-cndh-acciones-para-mitigar-el-covid-19-en-reclusorios-de-oaxaca","status":"publish","type":"post","link":"https:\/\/zonaroja.com.mx\/?p=14576","title":{"rendered":"Destaca CNDH acciones para mitigar el Covid-19 en reclusorios de Oaxaca"},"content":{"rendered":"\n<p>Redacci\u00f3n\/Zona\nRoja.<\/p>\n\n\n\n<p>Oaxaca\nde Ju\u00e1rez, Oax., 3 de julio de 2020.- En su informe especial por Covid-19, la\nComisi\u00f3n Nacional de los Derechos Humanos (CNDH), destac\u00f3 las medidas\nimplementadas por el Gobierno del Estado al interior de los 10 centros penitenciarios,\nmismas que dan cumplimiento a las directrices de la Organizaci\u00f3n Mundial de la\nSalud (OMS), a las Reglas Mandela y a los lineamientos emitidos por los\nServicios de Salud de Oaxaca (SSO).<\/p>\n\n\n\n<p>As\u00ed\nlo inform\u00f3 la Secretar\u00eda de Seguridad P\u00fablica de Oaxaca (SSPO), que detall\u00f3 que\na trav\u00e9s de la Subsecretar\u00eda de Prevenci\u00f3n y Reinserci\u00f3n Social implement\u00f3\nmedidas espec\u00edficas para la prevenci\u00f3n, atenci\u00f3n y mitigaci\u00f3n del Covid-19 en\nlos Centros Penitenciarios de la entidad.<\/p>\n\n\n\n<p>En\nun comunicado, indic\u00f3 que para garantizar la seguridad e higiene de las\nPersonas Privadas de Libertad (PPL), familiares, as\u00ed como personal\npenitenciario, se aplica el protocolo de Actuaci\u00f3n para la Atenci\u00f3n para la\nContingencia Sanitaria derivada del COVID-19, al interior de los centros penitenciarios\nemitido por la Conferencia Nacional del Sistema Penitenciario (CNSP).<\/p>\n\n\n\n<p>A\u00f1adi\u00f3\nque estos mecanismos de instrucci\u00f3n, han permitido controlar de manera\nimportante la propagaci\u00f3n del coronavirus.<\/p>\n\n\n\n<p>Indic\u00f3\nque con estas acciones, la SSPO garantiza la seguridad, salubridad e integridad\nde las PPL, familiares, personal penitenciario y ciudadan\u00eda en general.<\/p>\n","protected":false},"excerpt":{"rendered":"<p>Redacci\u00f3n\/Zona Roja. Oaxaca de Ju\u00e1rez, Oax., 3 de julio de 2020.- En su informe especial&hellip;<\/p>\n","protected":false},"author":2,"featured_media":14577,"comment_status":"closed","ping_status":"open","sticky":false,"template":"","format":"standard","meta":{"_lmt_disableupdate":"","_lmt_disable":"","_jetpack_memberships_contains_paid_content":false,"footnotes":""},"categories":[109,47],"tags":[1512,175],"class_list":["post-14576","post","type-post","status-publish","format-standard","has-post-thumbnail","hentry","category-minuto-a-minuto","category-zona-gris","tag-coronavirus-oaxaca","tag-secretaria-de-seguridad-publica-de-oaxaca"],"jetpack_featured_media_url":"https:\/\/zonaroja.com.mx\/wp-content\/uploads\/2020\/07\/SSPO-3.jpeg","jetpack_sharing_enabled":true,"_links":{"self":[{"href":"https:\/\/zonaroja.com.mx\/index.php?rest_route=\/wp\/v2\/posts\/14576","targetHints":{"allow":["GET"]}}],"collection":[{"href":"https:\/\/zonaroja.com.mx\/index.php?rest_route=\/wp\/v2\/posts"}],"about":[{"href":"https:\/\/zonaroja.com.mx\/index.php?rest_route=\/wp\/v2\/types\/post"}],"author":[{"embeddable":true,"href":"https:\/\/zonaroja.com.mx\/index.php?rest_route=\/wp\/v2\/users\/2"}],"replies":[{"embeddable":true,"href":"https:\/\/zonaroja.com.mx\/index.php?rest_route=%2Fwp%2Fv2%2Fcomments&post=14576"}],"version-history":[{"count":1,"href":"https:\/\/zonaroja.com.mx\/index.php?rest_route=\/wp\/v2\/posts\/14576\/revisions"}],"predecessor-version":[{"id":14578,"href":"https:\/\/zonaroja.com.mx\/index.php?rest_route=\/wp\/v2\/posts\/14576\/revisions\/14578"}],"wp:featuredmedia":[{"embeddable":true,"href":"https:\/\/zonaroja.com.mx\/index.php?rest_route=\/wp\/v2\/media\/14577"}],"wp:attachment":[{"href":"https:\/\/zonaroja.com.mx\/index.php?rest_route=%2Fwp%2Fv2%2Fmedia&parent=14576"}],"wp:term":[{"taxonomy":"category","embeddable":true,"href":"https:\/\/zonaroja.com.mx\/index.php?rest_route=%2Fwp%2Fv2%2Fcategories&post=14576"},{"taxonomy":"post_tag","embeddable":true,"href":"https:\/\/zonaroja.com.mx\/index.php?rest_route=%2Fwp%2Fv2%2Ftags&post=14576"}],"curies":[{"name":"wp","href":"https:\/\/api.w.org\/{rel}","templated":true}]}}