{"id":14580,"date":"2020-07-03T19:08:43","date_gmt":"2020-07-04T00:08:43","guid":{"rendered":"http:\/\/www.zonaroja.com.mx\/?p=14580"},"modified":"2020-07-03T19:08:47","modified_gmt":"2020-07-04T00:08:47","slug":"pide-arquidiocesis-mantener-acciones-de-cuidado-ante-aumento-de-casos-de-covid","status":"publish","type":"post","link":"https:\/\/zonaroja.com.mx\/?p=14580","title":{"rendered":"Pide Arquidi\u00f3cesis mantener acciones de cuidado ante aumento de casos de Covid"},"content":{"rendered":"\n<p>Evlin\nArag\u00f3n\/Zona Roja.<\/p>\n\n\n\n<p>Oaxaca\nde Ju\u00e1rez, Oax., 3 de julio de 2020.- Ante la permanencia de contagios por\nCovid-19 en la entidad oaxaque\u00f1a, que se mantiene en sem\u00e1foro rojo con cinco\nmil 671 casos confirmados y 613 defunciones, la Arquidi\u00f3cesis de Antequera encabezada\npor el arzobispo Pedro V\u00e1zquez Villalobos, pidi\u00f3 a comunidad cat\u00f3lica mantener\nlas medidas sanitarias emitidas por las autoridades estatales y federales.<\/p>\n\n\n\n<p>Lo\nhizo a trav\u00e9s de un comunicado en el que urgi\u00f3 a todas y todos a cuidarse\ndebido a que la pandemia no cesa y es indispensable el cuidado de individual y\ncolectivo para frenar el n\u00famero de contagios que no hace otra cosa m\u00e1s que\nsubir en los \u00faltimos d\u00edas.&nbsp; <\/p>\n\n\n\n<p>\u201cEs\nnecesario que tomemos conciencia todos de la urgente necesidad de cuidarnos, la\npandemia no cesa, tampoco nosotros debemos descuidar nuestra persona y a los\nque nos rodean y con quienes nos encontramos\u201d, refiere el documento.<\/p>\n\n\n\n<p>En\nel mismo reconoce que a\u00fan existe un importante n\u00famero de feligreses que no\ncreen en la existencia del virus, sin embargo, pidi\u00f3 a la poblaci\u00f3n actuar de\nforma responsable ponderando el cuidado y la oraci\u00f3n por quienes padecen la\nenfermedad, familiares, personal m\u00e9dico y de enfermer\u00eda.&nbsp; <\/p>\n\n\n\n<p>Al\nrespecto y con la intenci\u00f3n de fomentar la oraci\u00f3n entre la comunidad cat\u00f3lica,\ninvit\u00f3 a los sacerdotes para que el pr\u00f3ximo domingo 5 de julio repiquen las\ncampanas de las iglesias y capillas en punto de las 12:00 horas, y se disponga\nde un tiempo para rezar por quienes padecen de alguna forma la pandemia.<\/p>\n\n\n\n<p>\u201cPido\na mis sacerdotes que el pr\u00f3ximo domingo en toda la Arquidi\u00f3cesis, repiquen a\nlas 12 del d\u00eda las campanas de todo los templos y capillas, para tener un\nmomento de oraci\u00f3n en el lugar donde nos encontremos; por los que han muerto,\npor lo que est\u00e1n luchando para recuperar la salud, por las familias que sufren\nel dolor de un enfermo y la p\u00e9rdida de un ser querido, por toda persona que\natiende a los enfermos\u201d, refiere.<\/p>\n\n\n\n<p>El\nllamado lo extendi\u00f3 a toda la comunidad cat\u00f3lica a la que invit\u00f3 a unirse en\noraci\u00f3n desde sus viviendas a partir del repique de las campanas, con la\nesperanza de pronto celebrar la misa y eucarist\u00eda de forma presencial en cada\nuno de los templos.<\/p>\n","protected":false},"excerpt":{"rendered":"<p>Evlin Arag\u00f3n\/Zona Roja. Oaxaca de Ju\u00e1rez, Oax., 3 de julio de 2020.- Ante la permanencia&hellip;<\/p>\n","protected":false},"author":2,"featured_media":14581,"comment_status":"closed","ping_status":"open","sticky":false,"template":"","format":"standard","meta":{"_lmt_disableupdate":"","_lmt_disable":"","_jetpack_memberships_contains_paid_content":false,"footnotes":""},"categories":[109,46],"tags":[1541],"class_list":["post-14580","post","type-post","status-publish","format-standard","has-post-thumbnail","hentry","category-minuto-a-minuto","category-zona-blanca","tag-arquidiocesis-de-antequera-oaxaca"],"jetpack_featured_media_url":"https:\/\/zonaroja.com.mx\/wp-content\/uploads\/2020\/07\/Oraci\u00f3n-iglesia.jpg","jetpack_sharing_enabled":true,"_links":{"self":[{"href":"https:\/\/zonaroja.com.mx\/index.php?rest_route=\/wp\/v2\/posts\/14580","targetHints":{"allow":["GET"]}}],"collection":[{"href":"https:\/\/zonaroja.com.mx\/index.php?rest_route=\/wp\/v2\/posts"}],"about":[{"href":"https:\/\/zonaroja.com.mx\/index.php?rest_route=\/wp\/v2\/types\/post"}],"author":[{"embeddable":true,"href":"https:\/\/zonaroja.com.mx\/index.php?rest_route=\/wp\/v2\/users\/2"}],"replies":[{"embeddable":true,"href":"https:\/\/zonaroja.com.mx\/index.php?rest_route=%2Fwp%2Fv2%2Fcomments&post=14580"}],"version-history":[{"count":1,"href":"https:\/\/zonaroja.com.mx\/index.php?rest_route=\/wp\/v2\/posts\/14580\/revisions"}],"predecessor-version":[{"id":14582,"href":"https:\/\/zonaroja.com.mx\/index.php?rest_route=\/wp\/v2\/posts\/14580\/revisions\/14582"}],"wp:featuredmedia":[{"embeddable":true,"href":"https:\/\/zonaroja.com.mx\/index.php?rest_route=\/wp\/v2\/media\/14581"}],"wp:attachment":[{"href":"https:\/\/zonaroja.com.mx\/index.php?rest_route=%2Fwp%2Fv2%2Fmedia&parent=14580"}],"wp:term":[{"taxonomy":"category","embeddable":true,"href":"https:\/\/zonaroja.com.mx\/index.php?rest_route=%2Fwp%2Fv2%2Fcategories&post=14580"},{"taxonomy":"post_tag","embeddable":true,"href":"https:\/\/zonaroja.com.mx\/index.php?rest_route=%2Fwp%2Fv2%2Ftags&post=14580"}],"curies":[{"name":"wp","href":"https:\/\/api.w.org\/{rel}","templated":true}]}}