{"id":14583,"date":"2020-07-03T21:05:21","date_gmt":"2020-07-04T02:05:21","guid":{"rendered":"http:\/\/www.zonaroja.com.mx\/?p=14583"},"modified":"2020-07-03T21:09:43","modified_gmt":"2020-07-04T02:09:43","slug":"mato-a-su-madre-con-un-machete-la-calcino-y-la-enterro-ya-lo-detuvieron","status":"publish","type":"post","link":"https:\/\/zonaroja.com.mx\/?p=14583","title":{"rendered":"Mat\u00f3 a su madre con un machete, la calcin\u00f3 y la enterr\u00f3; ya lo detuvieron"},"content":{"rendered":"\n<p>Redacci\u00f3n\/Zona\nRoja.<\/p>\n\n\n\n<p>Oaxaca\nde Ju\u00e1rez, Oax., 3 de julio de 2020.- Un sujeto asesin\u00f3 a machetazos a su\nmadre, la calcin\u00f3 y la enterr\u00f3 de manera clandestina, en un domicilio particular\nen Huajuapan de Le\u00f3n, regi\u00f3n Mixteca de Oaxaca.<\/p>\n\n\n\n<p>De\nacuerdo con la causa penal 173\/2020, los hechos sucedieron el 27 de junio de\n2020, aproximadamente entre las 05:00 y 06:00 horas, en la agencia de Agua\nDulce, Huajuapan de Le\u00f3n.<\/p>\n\n\n\n<p>En\nun comunicado, la Fiscal\u00eda General del Estado de Oaxaca inform\u00f3 hoy que el\nindividuo identificado como J. C. L. S., fue aprehendido ayer 2 de julio por el\ndelito de feminicidio y presentado de forma inmediata ante la autoridad\njudicial que lo requiri\u00f3.<\/p>\n\n\n\n<p>En\naudiencia, el imputado solicit\u00f3 duplicidad del t\u00e9rmino constitucional, misma\nque fenece el 7 de julio de 2020, quedando en tanto en prisi\u00f3n preventiva de\nmanera provisional.<\/p>\n\n\n\n<p>CAPTURAN\nA OTRO<\/p>\n\n\n\n<p>Por\notra parte, a trav\u00e9s de las redes sociales, la Fiscal\u00eda dio a conocer que fue\ndetenido tambi\u00e9n el sujeto que presuntamente mat\u00f3 a una adolescente de 17 a\u00f1os\nde edad y a un beb\u00e9 de un a\u00f1o y 10 meses, en San Miguel, Ejutla de Crespo; no\nobstante, no ha revelado m\u00e1s detalles al respecto.<\/p>\n\n\n\n<p>Mar\u00eda Concepci\u00f3n A. C., de 17 a\u00f1os de edad, estudiante del Cobao, y su peque\u00f1o hijo, Alexander A., de un a\u00f1o con diez meses, fueron calcinados y semienterrados el  pasado domingo en el cerro \u201cEl Mexicano\u201d, de ese municipio de Valles Centrales.<\/p>\n","protected":false},"excerpt":{"rendered":"<p>Redacci\u00f3n\/Zona Roja. Oaxaca de Ju\u00e1rez, Oax., 3 de julio de 2020.- Un sujeto asesin\u00f3 a&hellip;<\/p>\n","protected":false},"author":2,"featured_media":14584,"comment_status":"closed","ping_status":"open","sticky":false,"template":"","format":"standard","meta":{"_lmt_disableupdate":"","_lmt_disable":"","_jetpack_memberships_contains_paid_content":false,"footnotes":""},"categories":[109,51],"tags":[594,936],"class_list":["post-14583","post","type-post","status-publish","format-standard","has-post-thumbnail","hentry","category-minuto-a-minuto","category-zona-roja","tag-huajuapan-de-leon","tag-san-miguel-ejutla"],"jetpack_featured_media_url":"https:\/\/zonaroja.com.mx\/wp-content\/uploads\/2020\/07\/Mujer-muerta-Huajuapan.jpg","jetpack_sharing_enabled":true,"_links":{"self":[{"href":"https:\/\/zonaroja.com.mx\/index.php?rest_route=\/wp\/v2\/posts\/14583","targetHints":{"allow":["GET"]}}],"collection":[{"href":"https:\/\/zonaroja.com.mx\/index.php?rest_route=\/wp\/v2\/posts"}],"about":[{"href":"https:\/\/zonaroja.com.mx\/index.php?rest_route=\/wp\/v2\/types\/post"}],"author":[{"embeddable":true,"href":"https:\/\/zonaroja.com.mx\/index.php?rest_route=\/wp\/v2\/users\/2"}],"replies":[{"embeddable":true,"href":"https:\/\/zonaroja.com.mx\/index.php?rest_route=%2Fwp%2Fv2%2Fcomments&post=14583"}],"version-history":[{"count":2,"href":"https:\/\/zonaroja.com.mx\/index.php?rest_route=\/wp\/v2\/posts\/14583\/revisions"}],"predecessor-version":[{"id":14586,"href":"https:\/\/zonaroja.com.mx\/index.php?rest_route=\/wp\/v2\/posts\/14583\/revisions\/14586"}],"wp:featuredmedia":[{"embeddable":true,"href":"https:\/\/zonaroja.com.mx\/index.php?rest_route=\/wp\/v2\/media\/14584"}],"wp:attachment":[{"href":"https:\/\/zonaroja.com.mx\/index.php?rest_route=%2Fwp%2Fv2%2Fmedia&parent=14583"}],"wp:term":[{"taxonomy":"category","embeddable":true,"href":"https:\/\/zonaroja.com.mx\/index.php?rest_route=%2Fwp%2Fv2%2Fcategories&post=14583"},{"taxonomy":"post_tag","embeddable":true,"href":"https:\/\/zonaroja.com.mx\/index.php?rest_route=%2Fwp%2Fv2%2Ftags&post=14583"}],"curies":[{"name":"wp","href":"https:\/\/api.w.org\/{rel}","templated":true}]}}