{"id":14590,"date":"2020-07-03T22:01:10","date_gmt":"2020-07-04T03:01:10","guid":{"rendered":"http:\/\/www.zonaroja.com.mx\/?p=14590"},"modified":"2020-07-03T22:01:17","modified_gmt":"2020-07-04T03:01:17","slug":"oaxaca-va-a-semaforo-naranja-pero-siguen-contagios-por-covid-hoy-259","status":"publish","type":"post","link":"https:\/\/zonaroja.com.mx\/?p=14590","title":{"rendered":"Oaxaca va a sem\u00e1foro naranja\u2026 pero siguen contagios por Covid; hoy, 259"},"content":{"rendered":"\n<p>Redacci\u00f3n\/Zona\nRoja.<\/p>\n\n\n\n<p>Oaxaca\nde Ju\u00e1rez, Oax. 3 de julio de 2020.- La Secretar\u00eda de Salud federal coloc\u00f3 a\nOaxaca como una de las 17 entidades del pa\u00eds que entrar\u00e1 en sem\u00e1foro naranja\npor la pandemia del Covid-19 a partir del pr\u00f3ximo lunes.<\/p>\n\n\n\n<p>Sin\nembargo, los contagios siguen en aumento en la entidad y este viernes se\nreportaron 259 casos positivos y siete defunciones.<\/p>\n\n\n\n<p>Ante\nello la dependencia Servicios de Salud de Oaxaca (SSO) afirm\u00f3 en un comunicado:<\/p>\n\n\n\n<p>\u201cContinuamos\nen una pandemia con fase activa, y a pesar de que hay un cambio en el color del\nsem\u00e1foro de riesgo epidemiol\u00f3gico en Oaxaca, que pas\u00f3 de rojo a naranja, seg\u00fan\nlo anunciaron las autoridades federales, esto no significa volver a las\nactividades normales\u201d.<\/p>\n\n\n\n<p>Precis\u00f3\nque el sem\u00e1foro naranja indica una evoluci\u00f3n estable de la pandemia en el\nestado, pero esto no representa que la sociedad oaxaque\u00f1a relaje las medidas de\nprevenci\u00f3n. Dijo que esta medida comprende la reactivaci\u00f3n gradual de una serie\nlimitada de actividades, que permitir\u00e1n avanzar a la transici\u00f3n a la \u201cnueva\nnormalidad\u201d.<\/p>\n\n\n\n<p>Por lo anterior, exhort\u00f3 los oaxaque\u00f1os a continuar con las acciones de prevenci\u00f3n y las recomendaciones de la Secretar\u00eda de Salud y del gobierno, priorizando la sana distancia, lavado de manos, uso de cubrebocas, no salir si no es necesario y el cuidado a los grupos de riesgo.<\/p>\n\n\n\n<figure class=\"wp-block-image\"><img decoding=\"async\" width=\"806\" height=\"452\" src=\"http:\/\/www.zonaroja.com.mx\/wp-content\/uploads\/2020\/07\/SSO-1-2.jpeg\" alt=\"\" class=\"wp-image-14592\" srcset=\"https:\/\/zonaroja.com.mx\/wp-content\/uploads\/2020\/07\/SSO-1-2.jpeg 806w, https:\/\/zonaroja.com.mx\/wp-content\/uploads\/2020\/07\/SSO-1-2-300x168.jpeg 300w, https:\/\/zonaroja.com.mx\/wp-content\/uploads\/2020\/07\/SSO-1-2-768x431.jpeg 768w, https:\/\/zonaroja.com.mx\/wp-content\/uploads\/2020\/07\/SSO-1-2-585x328.jpeg 585w\" sizes=\"(max-width: 806px) 100vw, 806px\" \/><\/figure>\n\n\n\n<p>Al\ncorte epidemiol\u00f3gico de este viernes 3 de julio, se han notificado 10 mil 429\ncasos, de los cuales tres mil 201 han dado negativo, mil 298 son sospechosos en\nespera de resultados por laboratorio y se contabilizan cinco mil 930 casos\nconfirmados, es decir 259 casos nuevos en las \u00faltimas 24 horas.<\/p>\n\n\n\n<p>A\u00f1adi\u00f3\nque cuatro mil 752 personas se han recuperado, y lamentablemente hay siete\ndefunciones, con lo que suman 620 en la entidad. Asimismo, se contabilizan 558\ncasos activos en las seis Jurisdicciones Sanitarias del estado.<\/p>\n\n\n\n<p>Detall\u00f3\nque los 259 casos nuevos se distribuyen en 57 municipios, siendo el de Oaxaca\nde Ju\u00e1rez el que mayor n\u00famero de contagios presenta, con 56; seguido de San\nJuan Bautista Tuxtepec con 29, Salina Cruz con 22, Santa Cruz Xoxocotl\u00e1n con\n20, Juchit\u00e1n de Zaragoza con 14, Santa Luc\u00eda del Camino 11, Santa Mar\u00eda del\nTule 10, San Jacinto Amilpas ocho, Santa Mar\u00eda Huatulco cinco, y los 48\nrestantes cuatro, tres, dos y uno respectivamente.<\/p>\n\n\n\n<p>Mencion\u00f3\nque la ocupaci\u00f3n hospitalaria de manera global se reporta en un 52.1%,\nclasificado por instituci\u00f3n de la siguiente manera: los SSO 33.6%, el Hospital\nRegional de Alta Especialidad de Oaxaca 83.3%, el Hospital de la Ni\u00f1ez\nOaxaque\u00f1a 16.7%, Sedena 39.8%, ISSSTE 52.7%, IMSS r\u00e9gimen ordinario 79.5%, IMSS\nBienestar 11.9%, Pemex 84.6% y Semar 100%.<\/p>\n","protected":false},"excerpt":{"rendered":"<p>Redacci\u00f3n\/Zona Roja. Oaxaca de Ju\u00e1rez, Oax. 3 de julio de 2020.- La Secretar\u00eda de Salud&hellip;<\/p>\n","protected":false},"author":2,"featured_media":14591,"comment_status":"closed","ping_status":"open","sticky":false,"template":"","format":"standard","meta":{"_lmt_disableupdate":"","_lmt_disable":"","_jetpack_memberships_contains_paid_content":false,"footnotes":""},"categories":[109,47],"tags":[1512],"class_list":["post-14590","post","type-post","status-publish","format-standard","has-post-thumbnail","hentry","category-minuto-a-minuto","category-zona-gris","tag-coronavirus-oaxaca"],"jetpack_featured_media_url":"https:\/\/zonaroja.com.mx\/wp-content\/uploads\/2020\/07\/SSO-2-2.jpeg","jetpack_sharing_enabled":true,"_links":{"self":[{"href":"https:\/\/zonaroja.com.mx\/index.php?rest_route=\/wp\/v2\/posts\/14590","targetHints":{"allow":["GET"]}}],"collection":[{"href":"https:\/\/zonaroja.com.mx\/index.php?rest_route=\/wp\/v2\/posts"}],"about":[{"href":"https:\/\/zonaroja.com.mx\/index.php?rest_route=\/wp\/v2\/types\/post"}],"author":[{"embeddable":true,"href":"https:\/\/zonaroja.com.mx\/index.php?rest_route=\/wp\/v2\/users\/2"}],"replies":[{"embeddable":true,"href":"https:\/\/zonaroja.com.mx\/index.php?rest_route=%2Fwp%2Fv2%2Fcomments&post=14590"}],"version-history":[{"count":1,"href":"https:\/\/zonaroja.com.mx\/index.php?rest_route=\/wp\/v2\/posts\/14590\/revisions"}],"predecessor-version":[{"id":14593,"href":"https:\/\/zonaroja.com.mx\/index.php?rest_route=\/wp\/v2\/posts\/14590\/revisions\/14593"}],"wp:featuredmedia":[{"embeddable":true,"href":"https:\/\/zonaroja.com.mx\/index.php?rest_route=\/wp\/v2\/media\/14591"}],"wp:attachment":[{"href":"https:\/\/zonaroja.com.mx\/index.php?rest_route=%2Fwp%2Fv2%2Fmedia&parent=14590"}],"wp:term":[{"taxonomy":"category","embeddable":true,"href":"https:\/\/zonaroja.com.mx\/index.php?rest_route=%2Fwp%2Fv2%2Fcategories&post=14590"},{"taxonomy":"post_tag","embeddable":true,"href":"https:\/\/zonaroja.com.mx\/index.php?rest_route=%2Fwp%2Fv2%2Ftags&post=14590"}],"curies":[{"name":"wp","href":"https:\/\/api.w.org\/{rel}","templated":true}]}}