{"id":14594,"date":"2020-07-04T07:35:47","date_gmt":"2020-07-04T12:35:47","guid":{"rendered":"http:\/\/www.zonaroja.com.mx\/?p=14594"},"modified":"2020-07-04T07:35:52","modified_gmt":"2020-07-04T12:35:52","slug":"el-soborno-para-liberar-a-el-mochomo-fue-de-dos-millones-de-dolares","status":"publish","type":"post","link":"https:\/\/zonaroja.com.mx\/?p=14594","title":{"rendered":"El soborno para liberar a \u201cEl Mochomo\u201d fue de dos millones de d\u00f3lares"},"content":{"rendered":"\n<p>Redacci\u00f3n\/Zona\nRoja.<\/p>\n\n\n\n<p>Ciudad\nde M\u00e9xico, 4 de julio de 2020.- Fueron dos millones de d\u00f3lares los que se\nhabr\u00edan repartido entre tres funcionarios del Juzgado Segundo de Distrito en\nMateria Penal con sede en Toluca, Estado de M\u00e9xico, para liberar a Jos\u00e9 \u00c1ngel\nCasarrubias Salgado, \u201cEl Mochomo\u201d.<\/p>\n\n\n\n<p>El\ndinero se habr\u00eda entregado poco antes de las tres de la ma\u00f1ana del pasado\njueves, de acuerdo con datos de la Fiscal\u00eda General de la Rep\u00fablica, publicados\nhoy por el diario \u201cLa Jornada\u201d.<\/p>\n\n\n\n<p>Un\nseguimiento de seis a\u00f1os y la aprobaci\u00f3n de una solicitud de intervenci\u00f3n\ntelef\u00f3nica para escuchar por m\u00e1s de seis meses las conversaciones de diversos\nfamiliares de \u201cEl Mochomo\u201d y otros involucrados con el c\u00e1rtel Guerreros Unidos,\npermiti\u00f3 que las autoridades federales establecieran la ubicaci\u00f3n de Casarrubias\nSalgado en Metepec, Estado de M\u00e9xico, a donde acudi\u00f3 a una reuni\u00f3n familiar, y\nas\u00ed se logr\u00f3 su captura.<\/p>\n\n\n\n<p>De\nla misma manera se conoci\u00f3 de las negociaciones para sobornar a funcionarios\ndel Juzgado Segundo de Distrito con sede en Toluca para que lo dejaran en\nlibertad por la acusaci\u00f3n de delincuencia organizada, y se obtuvieron los\nelementos que ahora lo tienen bajo arraigo durante 40 d\u00edas, tiempo en el cual\nse perfeccionar\u00e1 otra acusaci\u00f3n por delincuencia organizada, y posibilitar\u00e1 que\nla Fiscal\u00eda Especial para el Caso Ayotzinapa concluya sus investigaciones y le\nimpute responsabilidad en la desaparici\u00f3n de los 43 normalistas.<\/p>\n\n\n\n<p>Seg\u00fan\nla informaci\u00f3n del diario \u201cLa Jornada\u201d, funcionarios que participan en el\ngabinete de Seguridad federal revelaron que parte de la estrategia de la\ndefensa del l\u00edder de \u201cGuerreros Unidos\u201d fue que se desecharan 14 de las m\u00e1s de\n40 pruebas aportadas por el Ministerio P\u00fablico federal.<\/p>\n\n\n\n<p>El\nargumento fue que consist\u00edan en imputaciones directas provenientes de\nexpedientes ministeriales y que \u00e9stas se presentaron en copias certificadas,\npor lo que no pod\u00eda d\u00e1rseles valor probatorio, situaci\u00f3n que fue corroborada en\nla argumentaci\u00f3n con la cual se decret\u00f3 el auto de libertad.<\/p>\n\n\n\n<p>Los\nentrevistados se\u00f1alaron tambi\u00e9n que, en su determinaci\u00f3n, la autoridad judicial\nrechaz\u00f3 las 14 pruebas sin mayor an\u00e1lisis y el resto ya no fueron valoradas,\npor ello el Ministerio P\u00fablico ya apel\u00f3 la resoluci\u00f3n y espera que un tribunal\nrevise el expediente y ordene que se le dicte el auto de formal prisi\u00f3n por la\nacusaci\u00f3n formulada la semana pasada y por la cual sus defensores legales y\nfamiliares entregaron los dos millones de d\u00f3lares a funcionarios judiciales que\nimpulsaron la resoluci\u00f3n que favoreci\u00f3 a Casarrubias Salgado.<\/p>\n\n\n\n<p>Seg\u00fan\nla publicaci\u00f3n de \u201cLa Jornada\u201d, de los seis a\u00f1os que estuvo pr\u00f3fugo, en los\ncuatro recientes el gobierno federal busc\u00f3 detener a Jos\u00e9 \u00c1ngel Casarrubias\nSalgado; varias ocasiones se le ubic\u00f3 en distintos puntos de la sierra de\nGuerrero, pero nunca llegaron a tiempo o las fuentes alertaban de \u00faltima hora\ncambio de ruta o de planes del l\u00edder \u201cde Guerreros Unidos\u201d. <\/p>\n\n\n\n<p>Sin\nembargo, desde 2019 se intensific\u00f3 la b\u00fasqueda como parte de las\ninvestigaciones del llamado caso Ayotzinapa, indicaron las autoridades\nconsultadas.<\/p>\n\n\n\n<p>Jos\u00e9\n\u00c1ngel Casarrubias Salgado permanece detenido en el Centro Nacional de Arraigo\nque se localiza en la colonia Doctores, en la Ciudad de M\u00e9xico, donde est\u00e1\nvigilado de manera especial.<\/p>\n\n\n\n<p>(Informaci\u00f3n\ndel diario \u201cLa Jornada\u201d)<\/p>\n","protected":false},"excerpt":{"rendered":"<p>Redacci\u00f3n\/Zona Roja. Ciudad de M\u00e9xico, 4 de julio de 2020.- Fueron dos millones de d\u00f3lares&hellip;<\/p>\n","protected":false},"author":2,"featured_media":14595,"comment_status":"closed","ping_status":"open","sticky":false,"template":"","format":"standard","meta":{"_lmt_disableupdate":"","_lmt_disable":"","_jetpack_memberships_contains_paid_content":false,"footnotes":""},"categories":[109,47],"tags":[1807],"class_list":["post-14594","post","type-post","status-publish","format-standard","has-post-thumbnail","hentry","category-minuto-a-minuto","category-zona-gris","tag-jose-angel-casarrubias-salgado-el-mochomo"],"jetpack_featured_media_url":"https:\/\/zonaroja.com.mx\/wp-content\/uploads\/2020\/07\/El-Mochomo-2.png","jetpack_sharing_enabled":true,"_links":{"self":[{"href":"https:\/\/zonaroja.com.mx\/index.php?rest_route=\/wp\/v2\/posts\/14594","targetHints":{"allow":["GET"]}}],"collection":[{"href":"https:\/\/zonaroja.com.mx\/index.php?rest_route=\/wp\/v2\/posts"}],"about":[{"href":"https:\/\/zonaroja.com.mx\/index.php?rest_route=\/wp\/v2\/types\/post"}],"author":[{"embeddable":true,"href":"https:\/\/zonaroja.com.mx\/index.php?rest_route=\/wp\/v2\/users\/2"}],"replies":[{"embeddable":true,"href":"https:\/\/zonaroja.com.mx\/index.php?rest_route=%2Fwp%2Fv2%2Fcomments&post=14594"}],"version-history":[{"count":1,"href":"https:\/\/zonaroja.com.mx\/index.php?rest_route=\/wp\/v2\/posts\/14594\/revisions"}],"predecessor-version":[{"id":14596,"href":"https:\/\/zonaroja.com.mx\/index.php?rest_route=\/wp\/v2\/posts\/14594\/revisions\/14596"}],"wp:featuredmedia":[{"embeddable":true,"href":"https:\/\/zonaroja.com.mx\/index.php?rest_route=\/wp\/v2\/media\/14595"}],"wp:attachment":[{"href":"https:\/\/zonaroja.com.mx\/index.php?rest_route=%2Fwp%2Fv2%2Fmedia&parent=14594"}],"wp:term":[{"taxonomy":"category","embeddable":true,"href":"https:\/\/zonaroja.com.mx\/index.php?rest_route=%2Fwp%2Fv2%2Fcategories&post=14594"},{"taxonomy":"post_tag","embeddable":true,"href":"https:\/\/zonaroja.com.mx\/index.php?rest_route=%2Fwp%2Fv2%2Ftags&post=14594"}],"curies":[{"name":"wp","href":"https:\/\/api.w.org\/{rel}","templated":true}]}}