{"id":14597,"date":"2020-07-04T07:40:15","date_gmt":"2020-07-04T12:40:15","guid":{"rendered":"http:\/\/www.zonaroja.com.mx\/?p=14597"},"modified":"2020-07-04T08:43:31","modified_gmt":"2020-07-04T13:43:31","slug":"denuncian-a-edil-de-san-antonino-castillo-velasco-por-propagacion-de-covid19","status":"publish","type":"post","link":"https:\/\/zonaroja.com.mx\/?p=14597","title":{"rendered":"Edil de San Antonino podr\u00eda alcanzar de uno a seis a\u00f1os de prisi\u00f3n"},"content":{"rendered":"\n<p>Evlin\nArag\u00f3n\/Zona Roja.<\/p>\n\n\n\n<p>Oaxaca\nde Ju\u00e1rez, Oax., 4 de julio de 2020.- Debido al alto n\u00famero de contagios y la\nfalta de acciones contundentes para evitar la propagaci\u00f3n de Covid-19, los\nServicios de Salud de Oaxaca, a trav\u00e9s de su directora de Asuntos Jur\u00eddicos,\nElena Elizabeth de la Roa Revilla, presentaron una denuncia en contra del\npresidente municipal de San Antonino Castillo Velasco, Esteban Abel S\u00e1nchez\nCampos, por el delito de propagaci\u00f3n de enfermedad.<\/p>\n\n\n\n<p>La\ndenuncia fue interpuesta este jueves 2 de julio ante el Ministerio P\u00fablico de la\nFiscal\u00eda General de Justicia de Oaxaca por el agravio cometido a la sociedad\npor lo que se solicita proceder conforme a derecho en contra del edil que no\ntomo en consideraci\u00f3n las recomendaciones emitidas por las autoridades durante\nla emergencia sanitaria.&nbsp;&nbsp;&nbsp; <\/p>\n\n\n\n<p>En\nla denuncia, se evoc\u00f3 la Ley General de V\u00edctimas que incluye la reparaci\u00f3n del\nda\u00f1o para las personas afectadas en caso de comprobarse el delito de\npropagaci\u00f3n de enfermedad que, de acuerdo con el C\u00f3digo Penal de la entidad\noaxaque\u00f1a, en su art\u00edculo 193, prev\u00e9 de uno a seis a\u00f1os de prisi\u00f3n al que\nintencionalmente propague cualquiera otra enfermedad sean cuales fueren los\nmedios de que se valga.<\/p>\n\n\n\n<p>San\nAntonino Castillo Velasco cuenta actualmente con 43 casos positivos por\nCovid-19 y ha estado en el ojo medi\u00e1tico en varias ocasiones debido al\nincumplimiento de la normatividad vigente para garantizar la salud por parte de\nla autoridad municipal.<\/p>\n\n\n\n<p>En\nplena fase tres de la pandemia por Covid-19, pese a los exhortos de las\nautoridades federales y el decreto que emiti\u00f3 el gobernador del estado,\nAlejandro Murat Hinojosa, durante el mes de abril se mantuvo el tradicional\ntianguis semanal en la localidad incluida la instalaci\u00f3n del baratillo, donde\nno se respetaron las medidas que formaron parte de la Jornada Nacional de Sana\nDistancia.<\/p>\n\n\n\n<p>Mientras\nque a finales del mes de mayo se difundieron im\u00e1genes de un hombre adulto,\npresuntamente con Covid-19 que muri\u00f3 en la calle en su intento de buscar ayuda\nm\u00e9dica, pero no pudo pasar el filtro con bloqueo en el municipio vecino, por lo\nque perdi\u00f3 la vida.<\/p>\n\n\n\n<p>Por\nese hecho pobladores denunciaron que S\u00e1nchez Campos, surgido del Partido del\nTrabajo, no hab\u00eda hecho nada para proteger a la poblaci\u00f3n, debido a que no\ncre\u00eda en la existencia del virus y aseguraba que se trataba de un invento.<\/p>\n\n\n\n<p>Con\ntodo y la denuncia este viernes se acord\u00f3 la reapertura del baratillo en la\nlocalidad, aunque Oaxaca se mantiene en sem\u00e1foro rojo por el n\u00famero de\ncontagios de Covid-19.<\/p>\n","protected":false},"excerpt":{"rendered":"<p>Evlin Arag\u00f3n\/Zona Roja. Oaxaca de Ju\u00e1rez, Oax., 4 de julio de 2020.- Debido al alto&hellip;<\/p>\n","protected":false},"author":2,"featured_media":12586,"comment_status":"closed","ping_status":"open","sticky":false,"template":"","format":"standard","meta":{"_lmt_disableupdate":"","_lmt_disable":"","_jetpack_memberships_contains_paid_content":false,"footnotes":""},"categories":[109,47],"tags":[200],"class_list":["post-14597","post","type-post","status-publish","format-standard","has-post-thumbnail","hentry","category-minuto-a-minuto","category-zona-gris","tag-san-antonino-castillo-velasco"],"jetpack_featured_media_url":"https:\/\/zonaroja.com.mx\/wp-content\/uploads\/2020\/05\/Edil-San-Antonino.jpg","jetpack_sharing_enabled":true,"_links":{"self":[{"href":"https:\/\/zonaroja.com.mx\/index.php?rest_route=\/wp\/v2\/posts\/14597","targetHints":{"allow":["GET"]}}],"collection":[{"href":"https:\/\/zonaroja.com.mx\/index.php?rest_route=\/wp\/v2\/posts"}],"about":[{"href":"https:\/\/zonaroja.com.mx\/index.php?rest_route=\/wp\/v2\/types\/post"}],"author":[{"embeddable":true,"href":"https:\/\/zonaroja.com.mx\/index.php?rest_route=\/wp\/v2\/users\/2"}],"replies":[{"embeddable":true,"href":"https:\/\/zonaroja.com.mx\/index.php?rest_route=%2Fwp%2Fv2%2Fcomments&post=14597"}],"version-history":[{"count":2,"href":"https:\/\/zonaroja.com.mx\/index.php?rest_route=\/wp\/v2\/posts\/14597\/revisions"}],"predecessor-version":[{"id":14602,"href":"https:\/\/zonaroja.com.mx\/index.php?rest_route=\/wp\/v2\/posts\/14597\/revisions\/14602"}],"wp:featuredmedia":[{"embeddable":true,"href":"https:\/\/zonaroja.com.mx\/index.php?rest_route=\/wp\/v2\/media\/12586"}],"wp:attachment":[{"href":"https:\/\/zonaroja.com.mx\/index.php?rest_route=%2Fwp%2Fv2%2Fmedia&parent=14597"}],"wp:term":[{"taxonomy":"category","embeddable":true,"href":"https:\/\/zonaroja.com.mx\/index.php?rest_route=%2Fwp%2Fv2%2Fcategories&post=14597"},{"taxonomy":"post_tag","embeddable":true,"href":"https:\/\/zonaroja.com.mx\/index.php?rest_route=%2Fwp%2Fv2%2Ftags&post=14597"}],"curies":[{"name":"wp","href":"https:\/\/api.w.org\/{rel}","templated":true}]}}