{"id":14599,"date":"2020-07-04T07:52:30","date_gmt":"2020-07-04T12:52:30","guid":{"rendered":"http:\/\/www.zonaroja.com.mx\/?p=14599"},"modified":"2020-07-04T07:52:35","modified_gmt":"2020-07-04T12:52:35","slug":"juanita-heroina-sobreviviente-de-covid-que-regreso-a-ayudar-a-pacientes","status":"publish","type":"post","link":"https:\/\/zonaroja.com.mx\/?p=14599","title":{"rendered":"Juanita, hero\u00edna sobreviviente de Covid que regres\u00f3 a ayudar a pacientes"},"content":{"rendered":"\n<p>Yuridiana\nSosa\/Zona Roja.<\/p>\n\n\n\n<p>San\nJuan Bautista Tuxtepec, Oax., 4 de julio de 2020.- Enojo, tristeza,\nfrustraci\u00f3n, miedo, son uno de los sentimientos que Juanita, una enfermera en\nTuxtepec sobreviviente a Covid-19, expresa ante el abandono institucional del\ngobierno del estado para dotar de insumos al Hospital Regional de Tuxtepec.<\/p>\n\n\n\n<p>Juana\nP\u00e9rez N\u00fa\u00f1ez, enfermera especialista que atiende en el \u00e1rea Covid-19 de este\nnosocomio, \u00fanico en la regi\u00f3n norte del estado y perteneciente a los Servicios\nde Salud de Oaxaca, tambi\u00e9n manifiesta su frustraci\u00f3n por el desacato de la\npoblaci\u00f3n mientras ellos arriesgan la vida por salvarlos.<\/p>\n\n\n\n<p>Con\nla voz quebrantada por el sentimiento, la enferma hero\u00edna explica que super\u00f3 la\nenfermedad de Covid-19 y regres\u00f3 a ofrecer sus servicios por amor a su\nprofesi\u00f3n y el compromiso que tiene de ayudar a salvar vida.<\/p>\n\n\n\n<p>Pero\nJuanita lo hace con miedo, pues los SSO y el gobierno federal no tiene el mismo\ncompromiso para garantizar la protecci\u00f3n personal de los trabajadores del\nsector salud, quienes laboran con equipo donado o comprado por cada uno y que\nsufren hasta por no contar con un Bauman\u00f3metro.<\/p>\n\n\n\n<p>\u201cRegres\u00e9\ncon miedo, porque necesito protecci\u00f3n\u201d, dice la mujer, quien no duda en\nexpresar lo dif\u00edcil que es ser enfermero en medio de una sociedad que los juzga\ny lo complicado que es sobrellevar la enfermedad.<\/p>\n\n\n\n<p>\u201cMe\nvoy a morir\u201d, fue lo primero que pens\u00f3 cuando vio los resultados de los\nestudios cl\u00ednicos que confirmaron su positividad a Covid-19. \u201cNo quer\u00eda ni\nrespirar para no contagiar a mi familia, \u00bfqu\u00e9 voy hacer?\u201d, fueron otros\npensamientos que la invadieron.<\/p>\n\n\n\n<p>Juanita\nlamenta la falta de responsabilidad en la poblaci\u00f3n, que por prejuicios, dice\n\u201cse han quitado el uniforme por miedo a ser agredidos en la calle\u201d, \u201cNos\nquitaron nuestra investidura, nuestra dignidad, nos han quitado nuestra\nidentidad\u201d, pronuncia.<\/p>\n\n\n\n<p>Pero,\nadem\u00e1s, sostiene que las personas que no cree en la enfermedad son las primeras\nen reclamar atenci\u00f3n urgente para un paciente que llega enfermo de Covid-19\npero en fase cr\u00edtica, o incluso, muertos.<\/p>\n\n\n\n<p>Juanita,\nal igual que sus compa\u00f1eros, sienten el olvido de los SSO, quienes s\u00f3lo se\nenfocan a la atenci\u00f3n de necesidades del Hospital Civil \u201cDr. Aurelio Valdivieso\u201d\nen la capital del estado.<\/p>\n","protected":false},"excerpt":{"rendered":"<p>Yuridiana Sosa\/Zona Roja. San Juan Bautista Tuxtepec, Oax., 4 de julio de 2020.- Enojo, tristeza,&hellip;<\/p>\n","protected":false},"author":2,"featured_media":14600,"comment_status":"closed","ping_status":"open","sticky":false,"template":"","format":"standard","meta":{"_lmt_disableupdate":"","_lmt_disable":"","_jetpack_memberships_contains_paid_content":false,"footnotes":""},"categories":[109,46],"tags":[1512],"class_list":["post-14599","post","type-post","status-publish","format-standard","has-post-thumbnail","hentry","category-minuto-a-minuto","category-zona-blanca","tag-coronavirus-oaxaca"],"jetpack_featured_media_url":"https:\/\/zonaroja.com.mx\/wp-content\/uploads\/2020\/07\/Juana-P\u00e9rez-N\u00fa\u00f1ez-Tuxtepec.jpg","jetpack_sharing_enabled":true,"_links":{"self":[{"href":"https:\/\/zonaroja.com.mx\/index.php?rest_route=\/wp\/v2\/posts\/14599","targetHints":{"allow":["GET"]}}],"collection":[{"href":"https:\/\/zonaroja.com.mx\/index.php?rest_route=\/wp\/v2\/posts"}],"about":[{"href":"https:\/\/zonaroja.com.mx\/index.php?rest_route=\/wp\/v2\/types\/post"}],"author":[{"embeddable":true,"href":"https:\/\/zonaroja.com.mx\/index.php?rest_route=\/wp\/v2\/users\/2"}],"replies":[{"embeddable":true,"href":"https:\/\/zonaroja.com.mx\/index.php?rest_route=%2Fwp%2Fv2%2Fcomments&post=14599"}],"version-history":[{"count":1,"href":"https:\/\/zonaroja.com.mx\/index.php?rest_route=\/wp\/v2\/posts\/14599\/revisions"}],"predecessor-version":[{"id":14601,"href":"https:\/\/zonaroja.com.mx\/index.php?rest_route=\/wp\/v2\/posts\/14599\/revisions\/14601"}],"wp:featuredmedia":[{"embeddable":true,"href":"https:\/\/zonaroja.com.mx\/index.php?rest_route=\/wp\/v2\/media\/14600"}],"wp:attachment":[{"href":"https:\/\/zonaroja.com.mx\/index.php?rest_route=%2Fwp%2Fv2%2Fmedia&parent=14599"}],"wp:term":[{"taxonomy":"category","embeddable":true,"href":"https:\/\/zonaroja.com.mx\/index.php?rest_route=%2Fwp%2Fv2%2Fcategories&post=14599"},{"taxonomy":"post_tag","embeddable":true,"href":"https:\/\/zonaroja.com.mx\/index.php?rest_route=%2Fwp%2Fv2%2Ftags&post=14599"}],"curies":[{"name":"wp","href":"https:\/\/api.w.org\/{rel}","templated":true}]}}