{"id":14603,"date":"2020-07-04T10:36:24","date_gmt":"2020-07-04T15:36:24","guid":{"rendered":"http:\/\/www.zonaroja.com.mx\/?p=14603"},"modified":"2020-07-04T10:36:27","modified_gmt":"2020-07-04T15:36:27","slug":"el-ex-novio-habria-matado-y-calcinado-a-conchita-y-a-su-bebe","status":"publish","type":"post","link":"https:\/\/zonaroja.com.mx\/?p=14603","title":{"rendered":"El ex novio habr\u00eda matado y calcinado a Conchita y a su beb\u00e9"},"content":{"rendered":"\n<p>Redacci\u00f3n\/Zona\nRoja.<\/p>\n\n\n\n<p>Oaxaca\nde Ju\u00e1rez, Oax., 4 de julio de 2020.- Su ex novio habr\u00eda asesinado y calcinado\na Conchita y a su beb\u00e9 de un a\u00f1o 10 meses de edad, en San Miguel, Ejutla, el\ndomingo de la semana pasada.<\/p>\n\n\n\n<p>Por\nesas sospechas, personal de la Agencia Estatal de Investigaciones (AEI), detuvo\nayer a Jos\u00e9 Alberto R. R., de 24 a\u00f1os de edad, cuando se refugiaba en un hotel\nde la calle Galeana de la ciudad de Oaxaca.<\/p>\n\n\n\n<p>De\nacuerdo con fuentes ministeriales, las indagatorias se centran contra Jos\u00e9 Alberto\ndebido a testimonios de familiares y amigos de la adolescente de 17 a\u00f1os de\nedad, quien era estudiante del Colegio de Bachilleres de Oaxaca.<\/p>\n\n\n\n<p>La\nFiscal\u00eda General del Estado lo puso desde anoche a disposici\u00f3n de un juez de la\ncausa, quien se prev\u00e9 lo vincule a proceso y le dicte prisi\u00f3n preventiva en\ntanto culmina el proceso judicial.<\/p>\n\n\n\n<p>De\nacuerdo con la Carpeta de Investigaci\u00f3n 19894\/FVCE\/EJUTLA\/2020, la joven\ndesapareci\u00f3 alrededor de las 10:00 horas del domingo y los cuerpos fueron\nhallados calcinados y semienterrados en el cerro \u201cEl Mexicano\u201d, de San Miguel,\nEjutla.<\/p>\n\n\n\n<p>El\nsepelio de Mar\u00eda Concepci\u00f3n A. C., de 17 a\u00f1os de edad, y su peque\u00f1o hijo,\nAlexander A., de un a\u00f1o con diez meses, fue el pasado martes en dicho municipio\nde la regi\u00f3n Valles Centrales, en que prevaleci\u00f3 el grito de justicia para\nambos.<\/p>\n","protected":false},"excerpt":{"rendered":"<p>Redacci\u00f3n\/Zona Roja. Oaxaca de Ju\u00e1rez, Oax., 4 de julio de 2020.- Su ex novio habr\u00eda&hellip;<\/p>\n","protected":false},"author":2,"featured_media":14604,"comment_status":"closed","ping_status":"open","sticky":false,"template":"","format":"standard","meta":{"_lmt_disableupdate":"","_lmt_disable":"","_jetpack_memberships_contains_paid_content":false,"footnotes":""},"categories":[109,47],"tags":[936],"class_list":["post-14603","post","type-post","status-publish","format-standard","has-post-thumbnail","hentry","category-minuto-a-minuto","category-zona-gris","tag-san-miguel-ejutla"],"jetpack_featured_media_url":"https:\/\/zonaroja.com.mx\/wp-content\/uploads\/2020\/07\/Sepelio-Conchita-y-beb\u00e9-2.jpg","jetpack_sharing_enabled":true,"_links":{"self":[{"href":"https:\/\/zonaroja.com.mx\/index.php?rest_route=\/wp\/v2\/posts\/14603","targetHints":{"allow":["GET"]}}],"collection":[{"href":"https:\/\/zonaroja.com.mx\/index.php?rest_route=\/wp\/v2\/posts"}],"about":[{"href":"https:\/\/zonaroja.com.mx\/index.php?rest_route=\/wp\/v2\/types\/post"}],"author":[{"embeddable":true,"href":"https:\/\/zonaroja.com.mx\/index.php?rest_route=\/wp\/v2\/users\/2"}],"replies":[{"embeddable":true,"href":"https:\/\/zonaroja.com.mx\/index.php?rest_route=%2Fwp%2Fv2%2Fcomments&post=14603"}],"version-history":[{"count":1,"href":"https:\/\/zonaroja.com.mx\/index.php?rest_route=\/wp\/v2\/posts\/14603\/revisions"}],"predecessor-version":[{"id":14605,"href":"https:\/\/zonaroja.com.mx\/index.php?rest_route=\/wp\/v2\/posts\/14603\/revisions\/14605"}],"wp:featuredmedia":[{"embeddable":true,"href":"https:\/\/zonaroja.com.mx\/index.php?rest_route=\/wp\/v2\/media\/14604"}],"wp:attachment":[{"href":"https:\/\/zonaroja.com.mx\/index.php?rest_route=%2Fwp%2Fv2%2Fmedia&parent=14603"}],"wp:term":[{"taxonomy":"category","embeddable":true,"href":"https:\/\/zonaroja.com.mx\/index.php?rest_route=%2Fwp%2Fv2%2Fcategories&post=14603"},{"taxonomy":"post_tag","embeddable":true,"href":"https:\/\/zonaroja.com.mx\/index.php?rest_route=%2Fwp%2Fv2%2Ftags&post=14603"}],"curies":[{"name":"wp","href":"https:\/\/api.w.org\/{rel}","templated":true}]}}