{"id":14609,"date":"2020-07-04T13:15:12","date_gmt":"2020-07-04T18:15:12","guid":{"rendered":"https:\/\/www.zonaroja.com.mx\/?p=14609"},"modified":"2020-07-04T13:15:15","modified_gmt":"2020-07-04T18:15:15","slug":"urgen-apertura-de-bares-antros-y-restaurantes-en-oaxaca-denuncian-abandono-d-las-autoridades","status":"publish","type":"post","link":"https:\/\/zonaroja.com.mx\/?p=14609","title":{"rendered":"Urgen apertura de bares, antros y restaurantes en Oaxaca, denuncian abandono d las autoridades"},"content":{"rendered":"\n<p>Evlin Arag\u00f3n\/Zona Roja.&nbsp;<\/p>\n\n\n\n<p>Oaxaca de Ju\u00e1rez, Oax., 4 de julio de 2020.- &nbsp;Integrantes de la Alianza de Bares, Antros y Restaurantes de Oaxaca (ABARO) se manifestaron esta ma\u00f1ana para denunciar el total abandono por parte de las autoridades municipales y estatales de quienes no han recibido ning\u00fan tipo de apoyo para sobrellevar la crisis derivada del cierre obligado de sus establecimientos ante la pandemia por Covid-19.<\/p>\n\n\n\n<p><a href=\"\/\/1\">A las 11 de la ma\u00f1ana<\/a>&nbsp;se reunieron en la fuente de las Ocho Regiones, de donde sali\u00f3 la caravana vehicular para hacer un recorrido por las principales calles de la ciudad y exigir atenci\u00f3n inmediata por parte de las autoridades municipales, a quienes le urgieron ya autorizar la reapertura de negocios, con las medidas sanitarias correspondientes.<\/p>\n\n\n\n<p>\u201cQueremos dar a conocer al gobierno municipal y del estado nuestra inconformidad por la falta de respuesta a nuestras peticiones, la falta de apoyo y el total abandono que se nos est\u00e1 haciendo a nuestro giro integrado por m\u00e1s de mil 200 familias, la cual nos ha tra\u00eddo incuantificables p\u00e9rdidas y a muchos otros el cierre definitivo\u201d refirieron.<\/p>\n\n\n\n<p>Aunque ayer el sem\u00e1foro en torno a la incidencia de contagios por Covid-19 en Oaxaca paso de rojo a naranja, ello pese a cifras muy altas de caso nuevos durante la semana, a\u00fan no hay fecha para la reapertura de negocios y esperan que sea este fin de semana que las autoridades determinen ya el reinicio de actividades comerciales y de esparcimiento.<\/p>\n\n\n\n<p>\u201cNo podemos seguir as\u00ed, somos un n\u00facleo de personas que vive al d\u00eda y sin trabajar m\u00e1s de 100 d\u00edas, hoy ya no no podemos seguir con esta situaci\u00f3n, ya estamos desesperados para poder laborar y producir\u201d, refiri\u00f3 uno de los representantes de la alianza.<\/p>\n\n\n\n<p>En un breve encuentro con los medios de comunicaci\u00f3n, aseguraron que est\u00e1n en toda la disposici\u00f3n de acatar las medidas sanitarias necesarias, incluyendo la reducci\u00f3n en la capacidad del servicio, sin embargo, es necesario que las autoridades y autoricen el regreso paulatino de la actividad econ\u00f3mica en la capital, de lo contrario el cierre definitivo de comercios ser\u00e1 inevitable.<\/p>\n\n\n\n<p>\u201cIntentamos apegarnos a los protocolos con la limpieza a profundidad de los establecimientos, uso de caretas y cubrebocas, gel antibacterial, tapetes sanitizantes, obviamente la reducci\u00f3n en la capacidad de atenci\u00f3n que tentativamente era en una 40 por ciento\u201d, manifest\u00f3.<\/p>\n\n\n\n<p>Las y los representantes de por los meno 60 bares y restaurantes en la capital urgieron una pl\u00e1tica con las autoridades para llegar a acuerdos que les permitan seguir laborando y poder mantener a sus familias, tal y como ya lo han hecho con otras organizaciones, a quienes ya se lees garantiza su derecho al trabajo<\/p>\n","protected":false},"excerpt":{"rendered":"<p>Evlin Arag\u00f3n\/Zona Roja.&nbsp; Oaxaca de Ju\u00e1rez, Oax., 4 de julio de 2020.- &nbsp;Integrantes de la&hellip;<\/p>\n","protected":false},"author":2,"featured_media":14608,"comment_status":"closed","ping_status":"open","sticky":false,"template":"","format":"standard","meta":{"_lmt_disableupdate":"","_lmt_disable":"","_jetpack_memberships_contains_paid_content":false,"footnotes":""},"categories":[109,47],"tags":[],"class_list":["post-14609","post","type-post","status-publish","format-standard","has-post-thumbnail","hentry","category-minuto-a-minuto","category-zona-gris"],"jetpack_featured_media_url":"https:\/\/zonaroja.com.mx\/wp-content\/uploads\/2020\/07\/5deb1349-6149-4571-a29e-756118d49fdb.jpg","jetpack_sharing_enabled":true,"_links":{"self":[{"href":"https:\/\/zonaroja.com.mx\/index.php?rest_route=\/wp\/v2\/posts\/14609","targetHints":{"allow":["GET"]}}],"collection":[{"href":"https:\/\/zonaroja.com.mx\/index.php?rest_route=\/wp\/v2\/posts"}],"about":[{"href":"https:\/\/zonaroja.com.mx\/index.php?rest_route=\/wp\/v2\/types\/post"}],"author":[{"embeddable":true,"href":"https:\/\/zonaroja.com.mx\/index.php?rest_route=\/wp\/v2\/users\/2"}],"replies":[{"embeddable":true,"href":"https:\/\/zonaroja.com.mx\/index.php?rest_route=%2Fwp%2Fv2%2Fcomments&post=14609"}],"version-history":[{"count":1,"href":"https:\/\/zonaroja.com.mx\/index.php?rest_route=\/wp\/v2\/posts\/14609\/revisions"}],"predecessor-version":[{"id":14610,"href":"https:\/\/zonaroja.com.mx\/index.php?rest_route=\/wp\/v2\/posts\/14609\/revisions\/14610"}],"wp:featuredmedia":[{"embeddable":true,"href":"https:\/\/zonaroja.com.mx\/index.php?rest_route=\/wp\/v2\/media\/14608"}],"wp:attachment":[{"href":"https:\/\/zonaroja.com.mx\/index.php?rest_route=%2Fwp%2Fv2%2Fmedia&parent=14609"}],"wp:term":[{"taxonomy":"category","embeddable":true,"href":"https:\/\/zonaroja.com.mx\/index.php?rest_route=%2Fwp%2Fv2%2Fcategories&post=14609"},{"taxonomy":"post_tag","embeddable":true,"href":"https:\/\/zonaroja.com.mx\/index.php?rest_route=%2Fwp%2Fv2%2Ftags&post=14609"}],"curies":[{"name":"wp","href":"https:\/\/api.w.org\/{rel}","templated":true}]}}