{"id":14611,"date":"2020-07-04T15:49:42","date_gmt":"2020-07-04T20:49:42","guid":{"rendered":"http:\/\/www.zonaroja.com.mx\/?p=14611"},"modified":"2020-07-04T15:54:49","modified_gmt":"2020-07-04T20:54:49","slug":"enesimo-feminicidio-en-oaxaca-hallan-a-aei-muerto-fallece-reo-por-covid","status":"publish","type":"post","link":"https:\/\/zonaroja.com.mx\/?p=14611","title":{"rendered":"En\u00e9simo feminicidio en Oaxaca; hallan a AEI muerto; fallece reo por Covid"},"content":{"rendered":"\n<p>Redacci\u00f3n\/Zona\nRoja.<\/p>\n\n\n\n<p>Oaxaca\nde Ju\u00e1rez, Oax., 4 de julio de 2020.- La ola feminicida no cesa en Oaxaca y en las\n\u00faltimas dos semanas han sido asesinadas al menos ocho mujeres, varias de ellas\ntorturadas y calcinadas o enterradas clandestinamente.<\/p>\n\n\n\n<p>El\nm\u00e1s reciente caso ocurri\u00f3 este s\u00e1bado en el municipio de Juchit\u00e1n de Zaragoza,\nen la regi\u00f3n del Istmo, donde fue localizado el cuerpo sin vida de una mujer en\nun camino de terracer\u00eda que condice a la base a\u00e9rea, en inmediaciones de Canal\n33.<\/p>\n\n\n\n<p>Reportes\npoliciales indicaron que la femenina no logr\u00f3 ser identificado durante las\nprimeras diligencias debido a que no contaba con credenciales sobre su\nidentidad.<\/p>\n\n\n\n<p>Sin\nembargo, dieron a conocer que la v\u00edctima del homicidio cuenta con tatuajes en\nbrazo y pierna, por lo que se espera la pronta respuesta de sus familiares.<\/p>\n\n\n\n<p>MUERTO\nPOR COVID<\/p>\n\n\n\n<p>Tambi\u00e9n en esa regi\u00f3n, se report\u00f3 anoche la muerte de un hombre sobre uno de los accesos del Hospital General de Tehuantepec, destinado a la atenci\u00f3n de Covid-19, por lo que la defunci\u00f3n se relaciona a un posible paciente enfermo de dicho virus.<\/p>\n\n\n\n<p>Hasta\nel momento las autoridades hospitalarias, como los Servicios de Salud de Oaxaca\nno han aclarado el hecho.<\/p>\n\n\n\n<p>Sin embargo, se logr\u00f3 establecer que se trata de una persona de la tercera edad que estaba privada de su libertad en el reclusorio regional de Tehuantepec, donde lo hab\u00edan llevado para su atenci\u00f3n m\u00e9dica por coronavirus, pero finalmente perdi\u00f3 la vida pese a la atenci\u00f3n hospitalaria. De manera preliminar es identificado como Nicasio Z. Q.<\/p>\n\n\n\n<p>LOCALIZAN\nAL AEI DESAPARECIDO<\/p>\n\n\n\n<p>Por\notra parte, Gerardo Ramos Mart\u00ednez, elemento de la Agencia Estatal de\nInvestigaciones (AEI) de la Fiscal\u00eda General del Estado, reportado como\ndesaparecido desde el pasado 2 de julio, fue localizado sin vida en un barranco\nen la regi\u00f3n Mixteca.<\/p>\n\n\n\n<p>Los\nrestos del elemento de 38 a\u00f1os de edad fueron hallados cerca de las 13:00 horas\nde este s\u00e1bado a un costado de la carretera federal 190 que comunica Huajuapan\nde Le\u00f3n, en inmediaciones del kil\u00f3metro 16.<\/p>\n\n\n\n<p>En\nel lugar tambi\u00e9n se encontr\u00f3 su veh\u00edculo, tipo Tsuru color gris con placas de\ncirculaci\u00f3n TLU- 9089 del estado de Oaxaca, por lo que los primeros reportes\npoliciacos se\u00f1alan que podr\u00eda tratarse de un accidente, pero se investigan\notras causas.<\/p>\n\n\n\n<p>Al\nlugar llegaron elementos de la Fiscal\u00eda General de Oaxaca para las primeras\ndiligencias de los hechos.<\/p>\n\n\n\n<p>Ramos\nMart\u00ednez fue visto por \u00faltima vez el 2 de julio al salir de su domicilio en el\nmunicipio de Cuil\u00e1pam de Guerrero, teniendo como \u00faltima comunicaci\u00f3n ese mismo\nd\u00eda a las 21:30 horas, posterior a su jornada laboral, pero inform\u00f3 que deb\u00eda\ntrasladarse a Nochixtl\u00e1n.<\/p>\n","protected":false},"excerpt":{"rendered":"<p>Redacci\u00f3n\/Zona Roja. Oaxaca de Ju\u00e1rez, Oax., 4 de julio de 2020.- La ola feminicida no&hellip;<\/p>\n","protected":false},"author":2,"featured_media":14612,"comment_status":"closed","ping_status":"open","sticky":false,"template":"","format":"standard","meta":{"_lmt_disableupdate":"","_lmt_disable":"","_jetpack_memberships_contains_paid_content":false,"footnotes":""},"categories":[109,51],"tags":[543,610],"class_list":["post-14611","post","type-post","status-publish","format-standard","has-post-thumbnail","hentry","category-minuto-a-minuto","category-zona-roja","tag-feminicidio-en-juchitan","tag-feminicidios-oaxaca"],"jetpack_featured_media_url":"https:\/\/zonaroja.com.mx\/wp-content\/uploads\/2020\/07\/AEI-muerto.jpg","jetpack_sharing_enabled":true,"_links":{"self":[{"href":"https:\/\/zonaroja.com.mx\/index.php?rest_route=\/wp\/v2\/posts\/14611","targetHints":{"allow":["GET"]}}],"collection":[{"href":"https:\/\/zonaroja.com.mx\/index.php?rest_route=\/wp\/v2\/posts"}],"about":[{"href":"https:\/\/zonaroja.com.mx\/index.php?rest_route=\/wp\/v2\/types\/post"}],"author":[{"embeddable":true,"href":"https:\/\/zonaroja.com.mx\/index.php?rest_route=\/wp\/v2\/users\/2"}],"replies":[{"embeddable":true,"href":"https:\/\/zonaroja.com.mx\/index.php?rest_route=%2Fwp%2Fv2%2Fcomments&post=14611"}],"version-history":[{"count":3,"href":"https:\/\/zonaroja.com.mx\/index.php?rest_route=\/wp\/v2\/posts\/14611\/revisions"}],"predecessor-version":[{"id":14615,"href":"https:\/\/zonaroja.com.mx\/index.php?rest_route=\/wp\/v2\/posts\/14611\/revisions\/14615"}],"wp:featuredmedia":[{"embeddable":true,"href":"https:\/\/zonaroja.com.mx\/index.php?rest_route=\/wp\/v2\/media\/14612"}],"wp:attachment":[{"href":"https:\/\/zonaroja.com.mx\/index.php?rest_route=%2Fwp%2Fv2%2Fmedia&parent=14611"}],"wp:term":[{"taxonomy":"category","embeddable":true,"href":"https:\/\/zonaroja.com.mx\/index.php?rest_route=%2Fwp%2Fv2%2Fcategories&post=14611"},{"taxonomy":"post_tag","embeddable":true,"href":"https:\/\/zonaroja.com.mx\/index.php?rest_route=%2Fwp%2Fv2%2Ftags&post=14611"}],"curies":[{"name":"wp","href":"https:\/\/api.w.org\/{rel}","templated":true}]}}