{"id":14616,"date":"2020-07-04T20:03:39","date_gmt":"2020-07-05T01:03:39","guid":{"rendered":"http:\/\/www.zonaroja.com.mx\/?p=14616"},"modified":"2020-07-04T20:03:43","modified_gmt":"2020-07-05T01:03:43","slug":"casa-anuncia-concurso-de-fotografia-de-la-reserva-tehuacan-cuicatlan","status":"publish","type":"post","link":"https:\/\/zonaroja.com.mx\/?p=14616","title":{"rendered":"CaSa anuncia concurso de fotograf\u00eda de la reserva Tehuac\u00e1n-Cuicatl\u00e1n"},"content":{"rendered":"\n<p>Evlin\nArag\u00f3n\/Zona Roja.<\/p>\n\n\n\n<p>Oaxaca\nde Ju\u00e1rez, Oax., 4 de julio de 2020.- Con la intenci\u00f3n de apreciar, valorar y\ndifundir el patrimonio natural y cultural de esa zona natural ubicada entre\nOaxaca y Puebla, la Fundaci\u00f3n para la Reserva de la Bi\u00f3sfera Cuicatl\u00e1n, A.C.,\nel Centro de las Artes de San Agust\u00edn y Amigos del IAGO y del Centro\nFotogr\u00e1fico Manuel \u00c1lvarez Bravo, A.C., convocan a participar en el Tercer\nConcurso de Fotograf\u00eda de la Reserva de la Bi\u00f3sfera Tehuac\u00e1n-Cuicatl\u00e1n.<\/p>\n\n\n\n<p>Debido\na la contingencia sanitaria que a\u00fan se mantiene activa en la entidad y gran\nparte del pa\u00eds, s\u00f3lo podr\u00e1n participar im\u00e1genes tomadas previo a la\nconvocatoria, a fin de salvaguardar y proteger a quienes habitan en las\ncomunidades de la Reserva, as\u00ed como a las y los participantes.<\/p>\n\n\n\n<p>De\nacuerdo con los requisitos, las y los participantes podr\u00e1n registrarse en dos\ncategor\u00edas: profesional y amateur, con una serie de cinco fotograf\u00edas in\u00e9ditas\ndel patrimonio natural o expresiones culturales de la Reserva de la Bi\u00f3sfera\nTehuac\u00e1n-Cuicatl\u00e1n.<\/p>\n\n\n\n<p>\u201cSolo\npodr\u00e1n concursar con fotograf\u00edas de su autor\u00eda, que sean in\u00e9ditas, y que no\nhayan sido exhibidas, publicadas, premiadas, ni que se encuentren en proceso de\ndictamen en otro concurso\u201d, refiere la convocatoria.<\/p>\n\n\n\n<p>En\nesta ocasi\u00f3n, debido a la contingencia, podr\u00e1n participar fotograf\u00edas o series\nde fotograf\u00edas que ya hayan participado en ediciones anteriores del concurso,\npero que no hayan ganado, a excepci\u00f3n de personal que labore en las\ninstituciones convocantes.<\/p>\n\n\n\n<p>Los\npremios: para el primer lugar de la categor\u00eda profesional es de 15 mil pesos,\nmientras que para la amateur es de 10 mil pesos; as\u00ed mismo hay premios\necon\u00f3micos para el segundo y tercer lugar; adem\u00e1s que el jurado otorgar\u00e1 hasta\n10 menciones honor\u00edficas, con el objetivo de realizar una exposici\u00f3n conjunta\ncon las fotograf\u00edas ganadoras del concurso, si las condiciones lo permiten.<\/p>\n\n\n\n<p>Para\nparticipar hay que registrar un formulario en l\u00ednea, en el cual las y los\nparticipantes deben ingresar su informaci\u00f3n y fotograf\u00edas en la siguiente\ndirecci\u00f3n <a href=\"https:\/\/bit.ly\/BiosferaTC\">https:\/\/bit.ly\/BiosferaTC<\/a><\/p>\n","protected":false},"excerpt":{"rendered":"<p>Evlin Arag\u00f3n\/Zona Roja. Oaxaca de Ju\u00e1rez, Oax., 4 de julio de 2020.- Con la intenci\u00f3n&hellip;<\/p>\n","protected":false},"author":2,"featured_media":5981,"comment_status":"closed","ping_status":"open","sticky":false,"template":"","format":"standard","meta":{"_lmt_disableupdate":"","_lmt_disable":"","_jetpack_memberships_contains_paid_content":false,"footnotes":""},"categories":[109,46],"tags":[1044],"class_list":["post-14616","post","type-post","status-publish","format-standard","has-post-thumbnail","hentry","category-minuto-a-minuto","category-zona-blanca","tag-reserva-cuicatlan-tehuacan"],"jetpack_featured_media_url":"https:\/\/zonaroja.com.mx\/wp-content\/uploads\/2019\/11\/Reserva-biosfera.jpg","jetpack_sharing_enabled":true,"_links":{"self":[{"href":"https:\/\/zonaroja.com.mx\/index.php?rest_route=\/wp\/v2\/posts\/14616","targetHints":{"allow":["GET"]}}],"collection":[{"href":"https:\/\/zonaroja.com.mx\/index.php?rest_route=\/wp\/v2\/posts"}],"about":[{"href":"https:\/\/zonaroja.com.mx\/index.php?rest_route=\/wp\/v2\/types\/post"}],"author":[{"embeddable":true,"href":"https:\/\/zonaroja.com.mx\/index.php?rest_route=\/wp\/v2\/users\/2"}],"replies":[{"embeddable":true,"href":"https:\/\/zonaroja.com.mx\/index.php?rest_route=%2Fwp%2Fv2%2Fcomments&post=14616"}],"version-history":[{"count":1,"href":"https:\/\/zonaroja.com.mx\/index.php?rest_route=\/wp\/v2\/posts\/14616\/revisions"}],"predecessor-version":[{"id":14623,"href":"https:\/\/zonaroja.com.mx\/index.php?rest_route=\/wp\/v2\/posts\/14616\/revisions\/14623"}],"wp:featuredmedia":[{"embeddable":true,"href":"https:\/\/zonaroja.com.mx\/index.php?rest_route=\/wp\/v2\/media\/5981"}],"wp:attachment":[{"href":"https:\/\/zonaroja.com.mx\/index.php?rest_route=%2Fwp%2Fv2%2Fmedia&parent=14616"}],"wp:term":[{"taxonomy":"category","embeddable":true,"href":"https:\/\/zonaroja.com.mx\/index.php?rest_route=%2Fwp%2Fv2%2Fcategories&post=14616"},{"taxonomy":"post_tag","embeddable":true,"href":"https:\/\/zonaroja.com.mx\/index.php?rest_route=%2Fwp%2Fv2%2Ftags&post=14616"}],"curies":[{"name":"wp","href":"https:\/\/api.w.org\/{rel}","templated":true}]}}