{"id":14618,"date":"2020-07-04T18:03:08","date_gmt":"2020-07-04T23:03:08","guid":{"rendered":"https:\/\/www.zonaroja.com.mx\/?p=14618"},"modified":"2020-07-04T18:03:17","modified_gmt":"2020-07-04T23:03:17","slug":"denuncian-violencia-digital-en-contra-de-mujer-indigena-en-villa-alta","status":"publish","type":"post","link":"https:\/\/zonaroja.com.mx\/?p=14618","title":{"rendered":"Denuncian violencia digital en contra de mujer ind\u00edgena en Villa Alta"},"content":{"rendered":"\n<p>Evlin Arag\u00f3n\/Zona Roja.<\/p>\n\n\n\n<p>Oaxaca de Ju\u00e1rez, Oax., 4 de julio de 2020.-&nbsp;Decenas de organizaciones y cientos de personas a t\u00edtulo personal respaldaron la denuncia por violencia digital que present\u00f3 Arisbeth Orozco Villafa\u00f1e, mujer ind\u00edgena originaria de San Idelfonso Villa Alta, Oaxaca, de quien distribuyen im\u00e1genes manipuladas para da\u00f1ar su honor en la comunidad y ha sido amenazada por su activa participaci\u00f3n en la comunidad.<\/p>\n\n\n\n<p>Por lo anterior y a trav\u00e9s de un comunicado, pidieron la urgente intervenci\u00f3n de la Fiscal\u00eda General del Estado, la Secretar\u00eda de la Mujer Oaxaque\u00f1a y de la Autoridad Comunitaria de San Ildefonso Villa Alta, para que apoyen a la joven mujer y se proceda contra los responsables de las agresiones.<\/p>\n\n\n\n<p>Explicaron que la violencia digital y amenazas ejercidas hacia Arisbeth Orozco se deben a su participaci\u00f3n activa en acciones comunitarias de control y prevenci\u00f3n con motivo de la pandemia de Covid-19, en el municipio. \u201cLas personas que la difaman y violentan, han acompa\u00f1ado sus amenazas y calumnias de fotograf\u00edas de contenido sexual, argumentando que se trata de Arisbeth\u201d, se\u00f1ala el documento.<\/p>\n\n\n\n<p>Condenaron todo tipo de violencia en contra de las mujeres, la exposici\u00f3n de sus cuerpos para criminalizarlas y el uso de la vida privada para frenar la participaci\u00f3n de las mujeres en la vida pol\u00edtica y los espacios de toma de decisiones en las comunidades ind\u00edgenas y reiteraron la petici\u00f3n para que intervengan las autoridades y garanticen la seguridad de la v\u00edctima.<\/p>\n\n\n\n<p>\u201cDemandamos la intervenci\u00f3n de las autoridades competentes para garantizar la seguridad e integridad de Arisbeth; brindaremos el acompa\u00f1amiento necesario para emprender las acciones legales en contra de quienes realizan este tipo de ataques e invitamos a otras redes y organizaciones de mujeres y de la sociedad civil a unirse y apoyar a nuestra compa\u00f1era\u201d, refirieron.<\/p>\n\n\n\n<p>Fue el 2 de julio que a Arisbeth Orozco se le inform\u00f3 que hab\u00eda material pornogr\u00e1fico circulando por WhatsApp y Facebook entre los habitantes de la comunidad, en donde se le se\u00f1ala de ser la mujer que aparece en la imagen, dicha imagen est\u00e1 acompa\u00f1ada de un texto lascivo y mis\u00f3gino, acci\u00f3n que de acuerdo con la afectada podr\u00eda configurarse como \u201csextorsi\u00f3n\u201d.<\/p>\n\n\n\n<p>Ante lo hechos denunci\u00f3 a qui\u00e9n o qui\u00e9nes hayan ejercido este tipo de violencia en su contra ya lament\u00f3 que la comunidad desde hace tiempo ha sufrido de la violencia generada por un peque\u00f1o grupo que siempre ha gozado de privilegios y ahora pretende da\u00f1ar la imagen de una habitante que lo \u00fanico que ha hecho es ver por su comunidad.<\/p>\n\n\n\n<p>\u201cLes informo que NO soy la mujer que aparece en la imagen, que no me quedar\u00e9 callada y que denunciar\u00e9 estos actos de violencia e intimidaci\u00f3n hacia mi persona, el acoso y la violencia hacia&nbsp;las mujeres debe parar; que proceder\u00e9 de manera legal al respecto de&nbsp;estas difamaciones contra quien o quienes resulten responsables, de manera que enfrenten las consecuencias legales que esto amerite\u201d, concluy\u00f3.<\/p>\n\n\n\n<p>En marzo&nbsp;pasado,&nbsp;integrantes de la Asamblea de Comunidades Ind\u00edgenas de Oaxaca denunciaron la&nbsp;violencia&nbsp;digital&nbsp;y vulnerabilidad a su intimidad con la existencia de un grupo de WhatsApps denominado \u201cSierra XXX\u201d en el que se compart\u00edan fotograf\u00edas sin su consentimiento y cuyos integrantes, funcionarios algunos del Instituto Nacional de los Pueblos Ind\u00edgenas (INPI), hac\u00edan gala de su machismos y misoginia.<\/p>\n\n\n\n<p>La violencia digital es un delito en Oaxaca y se sanciona con penas de cuatro a ocho a\u00f1os de prisi\u00f3n o multas con mil a dos mil veces el valor diario de la unidad de medida y actualizaci\u00f3n vigente. <\/p>\n","protected":false},"excerpt":{"rendered":"<p>Evlin Arag\u00f3n\/Zona Roja. Oaxaca de Ju\u00e1rez, Oax., 4 de julio de 2020.-&nbsp;Decenas de organizaciones y&hellip;<\/p>\n","protected":false},"author":2,"featured_media":14617,"comment_status":"closed","ping_status":"open","sticky":false,"template":"","format":"standard","meta":{"_lmt_disableupdate":"","_lmt_disable":"","_jetpack_memberships_contains_paid_content":false,"footnotes":""},"categories":[109,47],"tags":[1809,1607],"class_list":["post-14618","post","type-post","status-publish","format-standard","has-post-thumbnail","hentry","category-minuto-a-minuto","category-zona-gris","tag-arisbeth-orozco","tag-san-ildefonso-villa-alta"],"jetpack_featured_media_url":"https:\/\/zonaroja.com.mx\/wp-content\/uploads\/2020\/07\/img_5989.jpg","jetpack_sharing_enabled":true,"_links":{"self":[{"href":"https:\/\/zonaroja.com.mx\/index.php?rest_route=\/wp\/v2\/posts\/14618","targetHints":{"allow":["GET"]}}],"collection":[{"href":"https:\/\/zonaroja.com.mx\/index.php?rest_route=\/wp\/v2\/posts"}],"about":[{"href":"https:\/\/zonaroja.com.mx\/index.php?rest_route=\/wp\/v2\/types\/post"}],"author":[{"embeddable":true,"href":"https:\/\/zonaroja.com.mx\/index.php?rest_route=\/wp\/v2\/users\/2"}],"replies":[{"embeddable":true,"href":"https:\/\/zonaroja.com.mx\/index.php?rest_route=%2Fwp%2Fv2%2Fcomments&post=14618"}],"version-history":[{"count":1,"href":"https:\/\/zonaroja.com.mx\/index.php?rest_route=\/wp\/v2\/posts\/14618\/revisions"}],"predecessor-version":[{"id":14619,"href":"https:\/\/zonaroja.com.mx\/index.php?rest_route=\/wp\/v2\/posts\/14618\/revisions\/14619"}],"wp:featuredmedia":[{"embeddable":true,"href":"https:\/\/zonaroja.com.mx\/index.php?rest_route=\/wp\/v2\/media\/14617"}],"wp:attachment":[{"href":"https:\/\/zonaroja.com.mx\/index.php?rest_route=%2Fwp%2Fv2%2Fmedia&parent=14618"}],"wp:term":[{"taxonomy":"category","embeddable":true,"href":"https:\/\/zonaroja.com.mx\/index.php?rest_route=%2Fwp%2Fv2%2Fcategories&post=14618"},{"taxonomy":"post_tag","embeddable":true,"href":"https:\/\/zonaroja.com.mx\/index.php?rest_route=%2Fwp%2Fv2%2Ftags&post=14618"}],"curies":[{"name":"wp","href":"https:\/\/api.w.org\/{rel}","templated":true}]}}