{"id":14621,"date":"2020-07-04T19:23:28","date_gmt":"2020-07-05T00:23:28","guid":{"rendered":"https:\/\/www.zonaroja.com.mx\/?p=14621"},"modified":"2020-07-04T19:23:30","modified_gmt":"2020-07-05T00:23:30","slug":"realizan-primera-exposicion-presencial-durante-pandemia-en-la-casa-de-la-cultura","status":"publish","type":"post","link":"https:\/\/zonaroja.com.mx\/?p=14621","title":{"rendered":"Realizan primera exposici\u00f3n presencial durante pandemia en la Casa de la Cultura"},"content":{"rendered":"\n<p>Redacci\u00f3n\/Zona Roja. <\/p>\n\n\n\n<p>Oaxaca de Ju\u00e1rez, Oax., 4 de julio de 2020.- Como parte de las actividades por el 49 aniversario, en la galer\u00eda \u201cRufino Tamayo\u201d de la Casa de la Cultura Oaxaque\u00f1a (CCO), se inaugur\u00f3 ayer la muestra \u201cLas edades de la memoria\u201d, de los artistas contempor\u00e1neos Ricardo \u00c1ngeles, Alberto Cruz y Yankel Pacheco, especialistas en est\u00e9ncil, grabado y el grafiti.<\/p>\n\n\n\n<p>En esta exposici\u00f3n, cuya apertura se transmiti\u00f3 a trav\u00e9s de redes sociales, se aprecia el gran trabajo de los tres artistas; Ricardo \u00c1ngeles recrea vivencias y experiencias de su ni\u00f1ez y adolescencia desde un punto de vista humor\u00edstico.<\/p>\n\n\n\n<p>En tanto, Yankel Pacheco, quien desde hace m\u00e1s de 15 a\u00f1os utiliza la t\u00e9cnica est\u00e9ncil, expres\u00f3 que su obra exhibida en \u201cLas edades de la memoria\u201d, recrea los momentos que ha vivido en la comunidad de San Lorenzo Albarradas.<\/p>\n\n\n\n<p>Por su parte, Alberto Cruz, quien se distingue por usar la t\u00e9cnica del grabado, dijo que en cada una de las obras de esta exposici\u00f3n pretende expresar las figuras de la infancia en un ambiente de rebeld\u00eda.<\/p>\n\n\n\n<p>De acuerdo con un comunicado, el director general de la Casa de la Cultura Oaxaque\u00f1a, Jes\u00fas Emilio de Leo Blanco, coment\u00f3 que este proyecto se conform\u00f3 a partir de la suma de voluntades de quienes en \u00e9l intervinieron.<\/p>\n\n\n\n<p>Celebr\u00f3 que Ricardo \u00c1ngeles, Yankel Pacheco y Alberto Cruz coincidieran para exponer en la capital y sobre todo que se tratara de una ocasi\u00f3n tan especial como el aniversario de la Casa de la Cultura Oaxaque\u00f1a.<\/p>\n\n\n\n<p>La exposici\u00f3n se puede disfrutar a trav\u00e9s de las redes sociales de la instituci\u00f3n. <\/p>\n","protected":false},"excerpt":{"rendered":"<p>Redacci\u00f3n\/Zona Roja. Oaxaca de Ju\u00e1rez, Oax., 4 de julio de 2020.- Como parte de las&hellip;<\/p>\n","protected":false},"author":2,"featured_media":14620,"comment_status":"closed","ping_status":"open","sticky":false,"template":"","format":"standard","meta":{"_lmt_disableupdate":"","_lmt_disable":"","_jetpack_memberships_contains_paid_content":false,"footnotes":""},"categories":[109,46],"tags":[541],"class_list":["post-14621","post","type-post","status-publish","format-standard","has-post-thumbnail","hentry","category-minuto-a-minuto","category-zona-blanca","tag-casa-de-la-cultura-oaxaquena"],"jetpack_featured_media_url":"https:\/\/zonaroja.com.mx\/wp-content\/uploads\/2020\/07\/foto3.jpg","jetpack_sharing_enabled":true,"_links":{"self":[{"href":"https:\/\/zonaroja.com.mx\/index.php?rest_route=\/wp\/v2\/posts\/14621","targetHints":{"allow":["GET"]}}],"collection":[{"href":"https:\/\/zonaroja.com.mx\/index.php?rest_route=\/wp\/v2\/posts"}],"about":[{"href":"https:\/\/zonaroja.com.mx\/index.php?rest_route=\/wp\/v2\/types\/post"}],"author":[{"embeddable":true,"href":"https:\/\/zonaroja.com.mx\/index.php?rest_route=\/wp\/v2\/users\/2"}],"replies":[{"embeddable":true,"href":"https:\/\/zonaroja.com.mx\/index.php?rest_route=%2Fwp%2Fv2%2Fcomments&post=14621"}],"version-history":[{"count":1,"href":"https:\/\/zonaroja.com.mx\/index.php?rest_route=\/wp\/v2\/posts\/14621\/revisions"}],"predecessor-version":[{"id":14622,"href":"https:\/\/zonaroja.com.mx\/index.php?rest_route=\/wp\/v2\/posts\/14621\/revisions\/14622"}],"wp:featuredmedia":[{"embeddable":true,"href":"https:\/\/zonaroja.com.mx\/index.php?rest_route=\/wp\/v2\/media\/14620"}],"wp:attachment":[{"href":"https:\/\/zonaroja.com.mx\/index.php?rest_route=%2Fwp%2Fv2%2Fmedia&parent=14621"}],"wp:term":[{"taxonomy":"category","embeddable":true,"href":"https:\/\/zonaroja.com.mx\/index.php?rest_route=%2Fwp%2Fv2%2Fcategories&post=14621"},{"taxonomy":"post_tag","embeddable":true,"href":"https:\/\/zonaroja.com.mx\/index.php?rest_route=%2Fwp%2Fv2%2Ftags&post=14621"}],"curies":[{"name":"wp","href":"https:\/\/api.w.org\/{rel}","templated":true}]}}