{"id":14624,"date":"2020-07-05T07:30:18","date_gmt":"2020-07-05T12:30:18","guid":{"rendered":"http:\/\/www.zonaroja.com.mx\/?p=14624"},"modified":"2020-07-04T21:12:35","modified_gmt":"2020-07-05T02:12:35","slug":"a-conchita-ex-novio-la-ahorco-hasta-matarla-el-bebe-murio-por-golpe-en-la-cabeza","status":"publish","type":"post","link":"https:\/\/zonaroja.com.mx\/?p=14624","title":{"rendered":"A Conchita, ex novio la ahorc\u00f3 hasta matarla; el beb\u00e9 muri\u00f3 por golpe en la cabeza"},"content":{"rendered":"\n<p>Redacci\u00f3n\/Zona\nRoja.<\/p>\n\n\n\n<p>Oaxaca\nde Ju\u00e1rez, Oax., 5 de julio de 2020.- Conchita fue ahorcada hasta morir y su\nbeb\u00e9 de un a\u00f1o 10 meses de edad, recibi\u00f3 un fuerte golpe en la cabeza; tras los\ncr\u00edmenes, fueron semicalcinados y enterrados en un monte.<\/p>\n\n\n\n<p>Estas\nson parte de las investigaciones que realiza la Fiscal\u00eda General del Estado de Oaxaca,\ntras aprehender el viernes a Jos\u00e9 Alberto R. R., de 24 a\u00f1os de edad, en un\nhotel de la capital del estado, donde se refugiaba.<\/p>\n\n\n\n<p>Ayer, un juez del Poder Judicial del Estado le dict\u00f3 prisi\u00f3n preventiva, por el delito de feminicidio en contra de Mar\u00eda Concepci\u00f3n A. C., de 17 a\u00f1os de edad, y homicidio de su peque\u00f1o hijo, Alexander A., de un a\u00f1o con diez meses, hechos ocurridos el domingo hace ocho d\u00edas en San Miguel, Ejutla.<\/p>\n\n\n\n<figure class=\"wp-block-image\"><img decoding=\"async\" width=\"1024\" height=\"768\" src=\"http:\/\/www.zonaroja.com.mx\/wp-content\/uploads\/2020\/07\/Justicia-para-Conchita-1024x768.jpg\" alt=\"\" class=\"wp-image-14626\" srcset=\"https:\/\/zonaroja.com.mx\/wp-content\/uploads\/2020\/07\/Justicia-para-Conchita-1024x768.jpg 1024w, https:\/\/zonaroja.com.mx\/wp-content\/uploads\/2020\/07\/Justicia-para-Conchita-300x225.jpg 300w, https:\/\/zonaroja.com.mx\/wp-content\/uploads\/2020\/07\/Justicia-para-Conchita-768x576.jpg 768w, https:\/\/zonaroja.com.mx\/wp-content\/uploads\/2020\/07\/Justicia-para-Conchita-585x439.jpg 585w, https:\/\/zonaroja.com.mx\/wp-content\/uploads\/2020\/07\/Justicia-para-Conchita.jpg 1040w\" sizes=\"(max-width: 1024px) 100vw, 1024px\" \/><\/figure>\n\n\n\n<p>De\nacurdo con la causa penal 532\/2020, los hechos se suscitaron el 28 de junio de\n2020, aproximadamente a las 10:30 horas, cuando el imputado J. A. R. R. (Jos\u00e9\nAlberto), cit\u00f3 a la v\u00edctima \u2013quien iba con su beb\u00e9- en inmediaciones del cerro\n\u201cEl Mexicano\u201d, donde priv\u00f3 de la vida a ambos.<\/p>\n\n\n\n<p>Luego\nde las primeras diligencias, personal del Instituto de Servicios periciales\ndetermin\u00f3 que la causa de la muerte de la adolescente fue asfixia por\nestrangulamiento. En tanto, la causa de la muerte del ni\u00f1o fue por traumatismo\ncraneoencef\u00e1lico profundo, con fractura de h\u00famero.<\/p>\n\n\n\n<p>En\nun comunicado, la Fiscal\u00eda inform\u00f3 que en audiencia, el probable responsable\nsolicit\u00f3 ampliaci\u00f3n del t\u00e9rmino constitucional, mismo que fenece el 9 de julio\nde 2020, mientras tanto el Juez de Control determin\u00f3 prisi\u00f3n preventiva de\nmanera provisional.<\/p>\n","protected":false},"excerpt":{"rendered":"<p>Redacci\u00f3n\/Zona Roja. Oaxaca de Ju\u00e1rez, Oax., 5 de julio de 2020.- Conchita fue ahorcada hasta&hellip;<\/p>\n","protected":false},"author":2,"featured_media":14625,"comment_status":"closed","ping_status":"open","sticky":false,"template":"","format":"standard","meta":{"_lmt_disableupdate":"","_lmt_disable":"","_jetpack_memberships_contains_paid_content":false,"footnotes":""},"categories":[109,51],"tags":[936],"class_list":["post-14624","post","type-post","status-publish","format-standard","has-post-thumbnail","hentry","category-minuto-a-minuto","category-zona-roja","tag-san-miguel-ejutla"],"jetpack_featured_media_url":"https:\/\/zonaroja.com.mx\/wp-content\/uploads\/2020\/07\/Jos\u00e9-Alberto-San-Miguel-Ejutla.jpg","jetpack_sharing_enabled":true,"_links":{"self":[{"href":"https:\/\/zonaroja.com.mx\/index.php?rest_route=\/wp\/v2\/posts\/14624","targetHints":{"allow":["GET"]}}],"collection":[{"href":"https:\/\/zonaroja.com.mx\/index.php?rest_route=\/wp\/v2\/posts"}],"about":[{"href":"https:\/\/zonaroja.com.mx\/index.php?rest_route=\/wp\/v2\/types\/post"}],"author":[{"embeddable":true,"href":"https:\/\/zonaroja.com.mx\/index.php?rest_route=\/wp\/v2\/users\/2"}],"replies":[{"embeddable":true,"href":"https:\/\/zonaroja.com.mx\/index.php?rest_route=%2Fwp%2Fv2%2Fcomments&post=14624"}],"version-history":[{"count":1,"href":"https:\/\/zonaroja.com.mx\/index.php?rest_route=\/wp\/v2\/posts\/14624\/revisions"}],"predecessor-version":[{"id":14627,"href":"https:\/\/zonaroja.com.mx\/index.php?rest_route=\/wp\/v2\/posts\/14624\/revisions\/14627"}],"wp:featuredmedia":[{"embeddable":true,"href":"https:\/\/zonaroja.com.mx\/index.php?rest_route=\/wp\/v2\/media\/14625"}],"wp:attachment":[{"href":"https:\/\/zonaroja.com.mx\/index.php?rest_route=%2Fwp%2Fv2%2Fmedia&parent=14624"}],"wp:term":[{"taxonomy":"category","embeddable":true,"href":"https:\/\/zonaroja.com.mx\/index.php?rest_route=%2Fwp%2Fv2%2Fcategories&post=14624"},{"taxonomy":"post_tag","embeddable":true,"href":"https:\/\/zonaroja.com.mx\/index.php?rest_route=%2Fwp%2Fv2%2Ftags&post=14624"}],"curies":[{"name":"wp","href":"https:\/\/api.w.org\/{rel}","templated":true}]}}