{"id":14628,"date":"2020-07-05T08:00:41","date_gmt":"2020-07-05T13:00:41","guid":{"rendered":"http:\/\/www.zonaroja.com.mx\/?p=14628"},"modified":"2020-07-04T21:21:38","modified_gmt":"2020-07-05T02:21:38","slug":"identifican-a-mujer-asesinada-en-juchitan-tenia-29-anos","status":"publish","type":"post","link":"https:\/\/zonaroja.com.mx\/?p=14628","title":{"rendered":"Identifican a mujer asesinada en Juchit\u00e1n; ten\u00eda 29 a\u00f1os"},"content":{"rendered":"\n<p>Redacci\u00f3n\/Zona\nRoja.<\/p>\n\n\n\n<p>Oaxaca\nde Ju\u00e1rez, Oax., 5 de julio de 2020.- Como Gemma O. O., de 29 a\u00f1os de edad, fue\nidentificada la mujer asesinada ayer por la ma\u00f1ana en Juchit\u00e1n de Zaragoza,\nOaxaca.<\/p>\n\n\n\n<p>El\ncuerpo sin vida, presuntamente con disparos de arma de fuego, fue hallado a un\ncostado de un camino de terracer\u00eda que conduce a la Base A\u00e9rea de Ciudad\nIxtepec, en la desviaci\u00f3n a la colonia Santa Fe.<\/p>\n\n\n\n<p>Las primeras fotograf\u00edas que se difundieron ayer indicaban que ten\u00eda un tatuaje en una mu\u00f1eca, misma que fue fundamental para su r\u00e1pida identificaci\u00f3n; portaba adem\u00e1s pantal\u00f3n de mezclilla y blusa negra.<\/p>\n\n\n\n<p>Por la tarde de ayer, sus familiares reclamaron el cad\u00e1ver para el sepelio correspondiente de la joven originaria de la ciudad de Juchit\u00e1n.<\/p>\n\n\n\n<figure class=\"wp-block-image\"><img decoding=\"async\" width=\"764\" height=\"395\" src=\"http:\/\/www.zonaroja.com.mx\/wp-content\/uploads\/2020\/07\/Feminicidio-Juchit\u00e1n.jpg\" alt=\"\" class=\"wp-image-14630\" srcset=\"https:\/\/zonaroja.com.mx\/wp-content\/uploads\/2020\/07\/Feminicidio-Juchit\u00e1n.jpg 764w, https:\/\/zonaroja.com.mx\/wp-content\/uploads\/2020\/07\/Feminicidio-Juchit\u00e1n-300x155.jpg 300w, https:\/\/zonaroja.com.mx\/wp-content\/uploads\/2020\/07\/Feminicidio-Juchit\u00e1n-585x302.jpg 585w\" sizes=\"(max-width: 764px) 100vw, 764px\" \/><\/figure>\n","protected":false},"excerpt":{"rendered":"<p>Redacci\u00f3n\/Zona Roja. Oaxaca de Ju\u00e1rez, Oax., 5 de julio de 2020.- Como Gemma O. O.,&hellip;<\/p>\n","protected":false},"author":2,"featured_media":14629,"comment_status":"closed","ping_status":"open","sticky":false,"template":"","format":"standard","meta":{"_lmt_disableupdate":"","_lmt_disable":"","_jetpack_memberships_contains_paid_content":false,"footnotes":""},"categories":[109,51],"tags":[1081],"class_list":["post-14628","post","type-post","status-publish","format-standard","has-post-thumbnail","hentry","category-minuto-a-minuto","category-zona-roja","tag-feminicidios-en-oaxaca"],"jetpack_featured_media_url":"https:\/\/zonaroja.com.mx\/wp-content\/uploads\/2020\/07\/Gemma-feminicidio-Juchit\u00e1n.jpg","jetpack_sharing_enabled":true,"_links":{"self":[{"href":"https:\/\/zonaroja.com.mx\/index.php?rest_route=\/wp\/v2\/posts\/14628","targetHints":{"allow":["GET"]}}],"collection":[{"href":"https:\/\/zonaroja.com.mx\/index.php?rest_route=\/wp\/v2\/posts"}],"about":[{"href":"https:\/\/zonaroja.com.mx\/index.php?rest_route=\/wp\/v2\/types\/post"}],"author":[{"embeddable":true,"href":"https:\/\/zonaroja.com.mx\/index.php?rest_route=\/wp\/v2\/users\/2"}],"replies":[{"embeddable":true,"href":"https:\/\/zonaroja.com.mx\/index.php?rest_route=%2Fwp%2Fv2%2Fcomments&post=14628"}],"version-history":[{"count":1,"href":"https:\/\/zonaroja.com.mx\/index.php?rest_route=\/wp\/v2\/posts\/14628\/revisions"}],"predecessor-version":[{"id":14631,"href":"https:\/\/zonaroja.com.mx\/index.php?rest_route=\/wp\/v2\/posts\/14628\/revisions\/14631"}],"wp:featuredmedia":[{"embeddable":true,"href":"https:\/\/zonaroja.com.mx\/index.php?rest_route=\/wp\/v2\/media\/14629"}],"wp:attachment":[{"href":"https:\/\/zonaroja.com.mx\/index.php?rest_route=%2Fwp%2Fv2%2Fmedia&parent=14628"}],"wp:term":[{"taxonomy":"category","embeddable":true,"href":"https:\/\/zonaroja.com.mx\/index.php?rest_route=%2Fwp%2Fv2%2Fcategories&post=14628"},{"taxonomy":"post_tag","embeddable":true,"href":"https:\/\/zonaroja.com.mx\/index.php?rest_route=%2Fwp%2Fv2%2Ftags&post=14628"}],"curies":[{"name":"wp","href":"https:\/\/api.w.org\/{rel}","templated":true}]}}