{"id":14632,"date":"2020-07-05T09:00:08","date_gmt":"2020-07-05T14:00:08","guid":{"rendered":"http:\/\/www.zonaroja.com.mx\/?p=14632"},"modified":"2020-07-04T21:34:21","modified_gmt":"2020-07-05T02:34:21","slug":"choferes-de-urbanos-en-la-capital-viven-entre-peleas-autoridad-ausente","status":"publish","type":"post","link":"https:\/\/zonaroja.com.mx\/?p=14632","title":{"rendered":"Choferes de urbanos en la capital viven entre peleas; autoridad ausente"},"content":{"rendered":"\n<p>Yuridiana\nSosa\/Zona Roja.<\/p>\n\n\n\n<p>Oaxaca\nde Ju\u00e1rez, Oax.- 5 de julio de 2020.- Sin vigilancia por parte de la polic\u00eda\nmunicipal, ni sanci\u00f3n ni control por parte de la Secretar\u00eda de Movilidad del\ngobierno, choferes del transporte p\u00fablico ri\u00f1en, ponen en riesgo a los\npasajeros, y nadie los detiene.<\/p>\n\n\n\n<p>Un\nnuevo caso se present\u00f3 este fin de semana, en que dos conductores de unidades\nde pasajeros ri\u00f1eron, sin \u00e1rbitro y ante la vista de usuarios, que ped\u00edan a\ngritos la fuerza p\u00fablica, pero nadie lleg\u00f3.<\/p>\n\n\n\n<p>La\npelea, presuntamente entre un chofer de la l\u00ednea Tusug y de Sertexa, que\nbrindan servicio en la capital y zona conurbada, en pleno arroyo vehicular\nfrente a dos unidades detenidas en el camino, mientras los pasajeros observaban\nel duelo.<\/p>\n\n\n\n<p>Sin precisar el punto de la capital donde se registr\u00f3 el hecho, el video que circula muestra a dos hombres sobre el suelo, uno encima de otro, as\u00ed como un tercer hombre que intenta intervenir en la pelea mientras porta un objeto tipo palo, mientras uno m\u00e1s impide que la injerencia de \u00e9ste.<\/p>\n\n\n\n<figure class=\"wp-block-embed-twitter wp-block-embed is-type-rich is-provider-twitter\"><div class=\"wp-block-embed__wrapper\">\n<div class=\"twitter-tweet\"><blockquote class=\"twitter-tweet\" data-lang=\"es\"><p lang=\"es\" dir=\"ltr\"><a href=\"https:\/\/twitter.com\/hashtag\/OaxacaGris?src=hash&amp;ref_src=twsrc%5Etfw\">#OaxacaGris<\/a><br>\u00a1Otra vez! Difunden de nuevo un video en que choferes del transporte urbano de la ciudad de <a href=\"https:\/\/twitter.com\/hashtag\/Oaxaca?src=hash&amp;ref_src=twsrc%5Etfw\">#Oaxaca<\/a> dirimen a golpes sus diferencias. Ahora fueron un conductor de Sertexa y uno de Tusug. \u201cLlamados a misa\u201d, los de la <a href=\"https:\/\/twitter.com\/SEMOVI_GobOax?ref_src=twsrc%5Etfw\">@SEMOVI_GobOax<\/a>. <a href=\"https:\/\/t.co\/OdS9Zvgcmq\">pic.twitter.com\/OdS9Zvgcmq<\/a><\/p>&mdash; Zona Roja Oaxaca (@MexRoja) <a href=\"https:\/\/twitter.com\/MexRoja\/status\/1279545852487499776?ref_src=twsrc%5Etfw\">4 de julio de 2020<\/a><\/blockquote><\/div>\n<\/div><\/figure>\n\n\n\n<p>El\nl\u00edo detuvo el tr\u00e1fico por algunos minutos, pues el resto de los transportistas\ny particulares sonaban el claxon para pedir que avanzara el flujo vial.<\/p>\n\n\n\n<p>El viernes se dio a conocer otro video de un hecho ocurrido una semana atr\u00e1s, en que choferes de la l\u00ednea Sertexa, con n\u00famero econ\u00f3mico SX-044, se enfrentaron a golpes dentro de una unidad mientras ofrec\u00edan el servicio del transporte, supuestamente originada por ganarse a los usuarios.<\/p>\n\n\n\n<p>Por\nestos hechos, la empresa emiti\u00f3 un comunicado en el que inform\u00f3 a la poblaci\u00f3n\nque tomar\u00eda medidas sancionatorias contra sus empleados, mientras que la\nSecretar\u00eda de Movilidad dio a conocer que les retirar\u00eda sus licencias de\nconducir para ofrecer este servicio.<\/p>\n\n\n\n<p>Pero\nno son las \u00fanicas veces que se enfrentan a golpes, o detienen la marcha de la\nunidad para liarse con otro compa\u00f1ero.<\/p>\n\n\n\n<p>En noviembre de 2019, tambi\u00e9n se dio a conocer que dos choferes de las empresas Choferes del Sur y Transportes Urbanos y Suburbanos Guelatao (Tusug), se pelearon en horario laboral por ganarse el pasaje.<\/p>\n\n\n\n<figure class=\"wp-block-embed-twitter wp-block-embed is-type-rich is-provider-twitter\"><div class=\"wp-block-embed__wrapper\">\n<div class=\"twitter-tweet\"><blockquote class=\"twitter-tweet\" data-lang=\"es\"><p lang=\"es\" dir=\"ltr\"><a href=\"https:\/\/twitter.com\/hashtag\/OaxacaGris?src=hash&amp;ref_src=twsrc%5Etfw\">#OaxacaGris<\/a><br>\u00bfQu\u00e9 le parece? As\u00ed arreglan sus diferencias los trabajadores de la empresa de transportes urbanos Sertexa; en plena pandemia y sin importar los pasajeros, se trenzan a golpes en el Perif\u00e9rico de la ciudad de Oaxaca. \u00bfY la <a href=\"https:\/\/twitter.com\/SEMOVI_GobOax?ref_src=twsrc%5Etfw\">@SEMOVI_GobOax<\/a>? <a href=\"https:\/\/t.co\/vlZjYqhmxs\">pic.twitter.com\/vlZjYqhmxs<\/a><\/p>&mdash; Zona Roja Oaxaca (@MexRoja) <a href=\"https:\/\/twitter.com\/MexRoja\/status\/1279099290162475008?ref_src=twsrc%5Etfw\">3 de julio de 2020<\/a><\/blockquote><\/div>\n<\/div><\/figure>\n\n\n\n<p>El\nhecho se registr\u00f3 en la parada de la ex estaci\u00f3n del ferrocarril, sobre avenida\nMadero, donde en un intento por ganarse a los usuarios, el conductor de Tusug\ntrat\u00f3 de \u201ccerrarle\u201d el paso a su compa\u00f1ero y en el intento golpe\u00f3 el retrovisor\nlateral, lo que ocasion\u00f3 la disputa.<\/p>\n\n\n\n<p>Los\nchoferes del servicio urbano tambi\u00e9n se han visto envueltos en accidentes\nfatales contra ciclistas o peatones por conducir a exceso de velocidad, falta\nde pericia o desconocimiento, sin que hasta el momento se conozca la veracidad\nde las supuestas sanciones que las empresas o la Semovi aplica sobre los\nconcesionarios del servicio de transporte urbano o los conductores.<\/p>\n\n\n\n<p>Los\ntaxistas no han quedado atr\u00e1s en este tipo de pleitos; sin embargo, a la fecha,\nla Secretar\u00eda de Movilidad que preside Mariana Nassar Pi\u00f1eyro, oculta la cifra\nde concesiones revocadas y choferes sancionados.<\/p>\n","protected":false},"excerpt":{"rendered":"<p>Yuridiana Sosa\/Zona Roja. Oaxaca de Ju\u00e1rez, Oax.- 5 de julio de 2020.- Sin vigilancia por&hellip;<\/p>\n","protected":false},"author":2,"featured_media":14633,"comment_status":"closed","ping_status":"open","sticky":false,"template":"","format":"standard","meta":{"_lmt_disableupdate":"","_lmt_disable":"","_jetpack_memberships_contains_paid_content":false,"footnotes":""},"categories":[109,47],"tags":[624],"class_list":["post-14632","post","type-post","status-publish","format-standard","has-post-thumbnail","hentry","category-minuto-a-minuto","category-zona-gris","tag-secretaria-de-movilidad"],"jetpack_featured_media_url":"https:\/\/zonaroja.com.mx\/wp-content\/uploads\/2020\/07\/Urbaneros-ciudad-de-Oaxaca-2.jpg","jetpack_sharing_enabled":true,"_links":{"self":[{"href":"https:\/\/zonaroja.com.mx\/index.php?rest_route=\/wp\/v2\/posts\/14632","targetHints":{"allow":["GET"]}}],"collection":[{"href":"https:\/\/zonaroja.com.mx\/index.php?rest_route=\/wp\/v2\/posts"}],"about":[{"href":"https:\/\/zonaroja.com.mx\/index.php?rest_route=\/wp\/v2\/types\/post"}],"author":[{"embeddable":true,"href":"https:\/\/zonaroja.com.mx\/index.php?rest_route=\/wp\/v2\/users\/2"}],"replies":[{"embeddable":true,"href":"https:\/\/zonaroja.com.mx\/index.php?rest_route=%2Fwp%2Fv2%2Fcomments&post=14632"}],"version-history":[{"count":1,"href":"https:\/\/zonaroja.com.mx\/index.php?rest_route=\/wp\/v2\/posts\/14632\/revisions"}],"predecessor-version":[{"id":14634,"href":"https:\/\/zonaroja.com.mx\/index.php?rest_route=\/wp\/v2\/posts\/14632\/revisions\/14634"}],"wp:featuredmedia":[{"embeddable":true,"href":"https:\/\/zonaroja.com.mx\/index.php?rest_route=\/wp\/v2\/media\/14633"}],"wp:attachment":[{"href":"https:\/\/zonaroja.com.mx\/index.php?rest_route=%2Fwp%2Fv2%2Fmedia&parent=14632"}],"wp:term":[{"taxonomy":"category","embeddable":true,"href":"https:\/\/zonaroja.com.mx\/index.php?rest_route=%2Fwp%2Fv2%2Fcategories&post=14632"},{"taxonomy":"post_tag","embeddable":true,"href":"https:\/\/zonaroja.com.mx\/index.php?rest_route=%2Fwp%2Fv2%2Ftags&post=14632"}],"curies":[{"name":"wp","href":"https:\/\/api.w.org\/{rel}","templated":true}]}}