{"id":14639,"date":"2020-07-05T08:20:58","date_gmt":"2020-07-05T13:20:58","guid":{"rendered":"http:\/\/www.zonaroja.com.mx\/?p=14639"},"modified":"2020-07-05T08:21:01","modified_gmt":"2020-07-05T13:21:01","slug":"mexico-quinto-lugar-mundial-en-muertes-por-covid-rebasan-30-mil","status":"publish","type":"post","link":"https:\/\/zonaroja.com.mx\/?p=14639","title":{"rendered":"M\u00e9xico, quinto lugar mundial en muertes por Covid; rebasan 30 mil"},"content":{"rendered":"\n<p>Redacci\u00f3n\/Zona\nRoja Cdmx.<\/p>\n\n\n\n<p>Ciudad\nde M\u00e9xico, 5 de julio de 2020.- M\u00e9xico se coloc\u00f3 en el quinto lugar a nivel\nmundial con el mayor n\u00famero de muertes a causa del Covid-19, al registrar 30\nmil 366 decesos, de ellos, 523 en las \u00faltimas 24 horas. <\/p>\n\n\n\n<p>Francia\nocupaba esa posici\u00f3n con 29 mil 896 defunciones desde que inici\u00f3 la pandemia, y\nen el pa\u00eds europeo han disminuido los fallecimientos por el nuevo coronavirus,\nseg\u00fan una informaci\u00f3n publicada hoy por el diario \u201cEl Heraldo de M\u00e9xico\u201d.<\/p>\n\n\n\n<p>En\nuna semana, M\u00e9xico super\u00f3 a Espa\u00f1a y Francia en el n\u00famero de decesos por Covid-19,\ny se acerca al cuarto lugar en muertes, que a\u00fan tiene Italia, con 34 mil 854\ndecesos.<\/p>\n\n\n\n<p>En\n\u00faltimo d\u00eda de la Jornada Nacional del Sana Distancia, el 30 de mayo de 2020,\nM\u00e9xico contabiliz\u00f3 nueve mil 779 muertes y se coloc\u00f3 en el s\u00e9ptimo puesto con\nm\u00e1s fallecimientos por la pandemia, ya que hab\u00eda superado a B\u00e9lgica. <\/p>\n\n\n\n<p>La\nCiudad de M\u00e9xico, Estado de M\u00e9xico, Baja California, Veracruz, Puebla, Sinaloa,\nTabasco Guerrero y Sonora concentran el mayor n\u00famero de defunciones a causa del\nnuevo coronavirus, a\u00f1ade la publicaci\u00f3n de \u201cEl Heraldo\u201d.<\/p>\n\n\n\n<p>El 4\nde junio, la Secretar\u00eda de Salud report\u00f3 12 mil 545 muertes, y un mes despu\u00e9s,\nel 4 de julio, 30 mil 366 decesos, un incremento del 142 por ciento. <\/p>\n\n\n\n<p>La\nSecretar\u00eda de Salud report\u00f3 tambi\u00e9n 252 mil 165 casos confirmados, con lo que\nnuestro pa\u00eds se coloc\u00f3 en el octavo lugar, al superar a Espa\u00f1a que tiene 250\nmil 545 casos; tambi\u00e9n se rebas\u00f3 a Italia y sus 241 mil 419 contagios.<\/p>\n\n\n\n<p>Hace\nun mes, M\u00e9xico ten\u00eda 105 mil 680 casos confirmado a SARSCoV-2, y ahora\ncontabiliza 252 mil 165 casos, y de continuar ese ritmo de propagaci\u00f3n podr\u00eda\nalcanzar el s\u00e9ptimo lugar a nivel mundial que tiene Reino Unido con 286 mil 412\ncasos confirmados.<\/p>\n\n\n\n<p>Sobre\nel presunto subrregistro de muertes por Covid-19, el subsecretario de\nPrevenci\u00f3n y Promoci\u00f3n de la Salud, Hugo L\u00f3pez-Gatell dijo que no es necesario\nregistrar todas las muertes, y que ning\u00fan pa\u00eds hace un registro exhaustivo de\nla defunciones por Covid-19, a\u00f1ade la publicaci\u00f3n de \u201cEl Heraldo\u201d.<\/p>\n","protected":false},"excerpt":{"rendered":"<p>Redacci\u00f3n\/Zona Roja Cdmx. Ciudad de M\u00e9xico, 5 de julio de 2020.- M\u00e9xico se coloc\u00f3 en&hellip;<\/p>\n","protected":false},"author":2,"featured_media":14640,"comment_status":"closed","ping_status":"open","sticky":false,"template":"","format":"standard","meta":{"_lmt_disableupdate":"","_lmt_disable":"","_jetpack_memberships_contains_paid_content":false,"footnotes":""},"categories":[109,47],"tags":[1328],"class_list":["post-14639","post","type-post","status-publish","format-standard","has-post-thumbnail","hentry","category-minuto-a-minuto","category-zona-gris","tag-coronavirus-mexico"],"jetpack_featured_media_url":"https:\/\/zonaroja.com.mx\/wp-content\/uploads\/2020\/07\/Coronavirus-reclusorios.jpeg","jetpack_sharing_enabled":true,"_links":{"self":[{"href":"https:\/\/zonaroja.com.mx\/index.php?rest_route=\/wp\/v2\/posts\/14639","targetHints":{"allow":["GET"]}}],"collection":[{"href":"https:\/\/zonaroja.com.mx\/index.php?rest_route=\/wp\/v2\/posts"}],"about":[{"href":"https:\/\/zonaroja.com.mx\/index.php?rest_route=\/wp\/v2\/types\/post"}],"author":[{"embeddable":true,"href":"https:\/\/zonaroja.com.mx\/index.php?rest_route=\/wp\/v2\/users\/2"}],"replies":[{"embeddable":true,"href":"https:\/\/zonaroja.com.mx\/index.php?rest_route=%2Fwp%2Fv2%2Fcomments&post=14639"}],"version-history":[{"count":1,"href":"https:\/\/zonaroja.com.mx\/index.php?rest_route=\/wp\/v2\/posts\/14639\/revisions"}],"predecessor-version":[{"id":14641,"href":"https:\/\/zonaroja.com.mx\/index.php?rest_route=\/wp\/v2\/posts\/14639\/revisions\/14641"}],"wp:featuredmedia":[{"embeddable":true,"href":"https:\/\/zonaroja.com.mx\/index.php?rest_route=\/wp\/v2\/media\/14640"}],"wp:attachment":[{"href":"https:\/\/zonaroja.com.mx\/index.php?rest_route=%2Fwp%2Fv2%2Fmedia&parent=14639"}],"wp:term":[{"taxonomy":"category","embeddable":true,"href":"https:\/\/zonaroja.com.mx\/index.php?rest_route=%2Fwp%2Fv2%2Fcategories&post=14639"},{"taxonomy":"post_tag","embeddable":true,"href":"https:\/\/zonaroja.com.mx\/index.php?rest_route=%2Fwp%2Fv2%2Ftags&post=14639"}],"curies":[{"name":"wp","href":"https:\/\/api.w.org\/{rel}","templated":true}]}}