{"id":14642,"date":"2020-07-05T14:16:46","date_gmt":"2020-07-05T19:16:46","guid":{"rendered":"http:\/\/www.zonaroja.com.mx\/?p=14642"},"modified":"2020-07-05T14:16:49","modified_gmt":"2020-07-05T19:16:49","slug":"insiste-congreso-en-reorientar-el-gasto-publico-para-reactivar-la-economia","status":"publish","type":"post","link":"https:\/\/zonaroja.com.mx\/?p=14642","title":{"rendered":"Insiste Congreso en reorientar el gasto p\u00fablico para reactivar la econom\u00eda"},"content":{"rendered":"\n<p>Redacci\u00f3n\/Zona\nRoja. <\/p>\n\n\n\n<p>Oaxaca de\nJu\u00e1rez, Oax. 5 de julio de 2020.- El presidente de la Junta de Coordinaci\u00f3n\nPol\u00edtica (Jucopo) del Congreso de Oaxaca, Horacio Sosa Villavicencio, insisti\u00f3\nen llamar al gobierno estatal a reorientar el gasto p\u00fablico, correspondiente a\neste a\u00f1o, a fin de apoyar a los sectores m\u00e1s afectados por la pandemia.<\/p>\n\n\n\n<p>Record\u00f3\nque ante los efectos sociales y econ\u00f3micos causados por la Covid-19, el Poder\nLegislativo aprob\u00f3 un exhorto al mandatario estatal para redireccionar el gasto\ncorriente, y con ello reactivar la econom\u00eda popular que se ha visto lastimada\npor el cierre de comercios y la p\u00e9rdida de fuentes de empleo, del mes de marzo\na la fecha.<\/p>\n\n\n\n<p>No\nobstante, refiri\u00f3 en entrevista radiof\u00f3nica, el Gobernador del Estado,\nAlejandro Murat Hinojosa, no ha hecho eco a este llamado, pues argumenta no\ntener margen de maniobra debido a la falta de recursos econ\u00f3micos.<\/p>\n\n\n\n<p>Apunt\u00f3\nque, ante el dif\u00edcil panorama, la 64 Legislatura sigue trabajando para que los\ngobiernos, federal, estatal y municipales, cuenten con las herramientas\nnormativas indispensables para agilizar la reactivaci\u00f3n econ\u00f3mica en toda la\nentidad.<\/p>\n\n\n\n<p>Sosa\nVillavicencio hizo \u00e9nfasis que, en octubre pasado, la C\u00e1mara de Diputados local\naprob\u00f3 el refinanciamiento de tres mil 500 millones de pesos, para realizar\nobra y acciones prioritarias, cuya aplicaci\u00f3n es supervisada por la Comisi\u00f3n de\nVigilancia de la Deuda P\u00fablica del Estado.<\/p>\n\n\n\n<p>Por ello,\nen nombre de la soberan\u00eda \u201creiteramos nuestro llamado a la unidad de todos los\nsectores a fin de hacer frente a esta emergencia que no solo es sanitaria, sino\ntambi\u00e9n econ\u00f3mica\u201d, abund\u00f3 el legislador.<\/p>\n\n\n\n<p>Con\nrelaci\u00f3n a las reformas legales encaminadas a atender temas relacionados con la\nemergencia sanitaria nacional, el entrevistado destac\u00f3 un ordenamiento para\nsancionar a quienes agredan a personal de salud, hasta con seis a\u00f1os de\nprisi\u00f3n.<\/p>\n\n\n\n<p>TRIUNFO HIST\u00d3RICO<\/p>\n\n\n\n<figure class=\"wp-block-image\"><img decoding=\"async\" width=\"622\" height=\"454\" src=\"http:\/\/www.zonaroja.com.mx\/wp-content\/uploads\/2020\/07\/Horacio-Sosa-Villavicencio-presidente-de-la-Junta-de-Coordinaci\u00f3n-Pol\u00edtica-Jucopo-del-Congreso-de-Oaxaca..jpg\" alt=\"\" class=\"wp-image-14643\" srcset=\"https:\/\/zonaroja.com.mx\/wp-content\/uploads\/2020\/07\/Horacio-Sosa-Villavicencio-presidente-de-la-Junta-de-Coordinaci\u00f3n-Pol\u00edtica-Jucopo-del-Congreso-de-Oaxaca..jpg 622w, https:\/\/zonaroja.com.mx\/wp-content\/uploads\/2020\/07\/Horacio-Sosa-Villavicencio-presidente-de-la-Junta-de-Coordinaci\u00f3n-Pol\u00edtica-Jucopo-del-Congreso-de-Oaxaca.-300x219.jpg 300w, https:\/\/zonaroja.com.mx\/wp-content\/uploads\/2020\/07\/Horacio-Sosa-Villavicencio-presidente-de-la-Junta-de-Coordinaci\u00f3n-Pol\u00edtica-Jucopo-del-Congreso-de-Oaxaca.-585x427.jpg 585w\" sizes=\"(max-width: 622px) 100vw, 622px\" \/><\/figure>\n\n\n\n<p>En otro\norden, el presidente de la Jucopo record\u00f3 el triunfo hist\u00f3rico, hace dos a\u00f1os,\ndel presidente Andr\u00e9s Manuel L\u00f3pez Obrador, quien tiene gran afecto por Oaxaca,\ncomo se demuestra en las pol\u00edticas p\u00fablicas que impactan positivamente entre\ndiversos sectores de la sociedad.<\/p>\n\n\n\n<p>Entre\nellos, los apoyos para los adultos mayores, las becas \u201cBenito Ju\u00e1rez\u201d, para\nestudiantes, as\u00ed como la construcci\u00f3n de caminos pavimentados a m\u00e1s de un\ncentenar de cabeceras municipales en donde obtienen empleo hombres y mujeres de\nlas mismas comunidades.<\/p>\n\n\n\n<p>En cuanto\na la funci\u00f3n legislativa, dijo que a partir de la oportunidad que les dio la\ngente de representarlos en la C\u00e1mara de Diputados, se han esmerado en trabajar\nen armon\u00eda con los diferentes niveles de gobierno, procurando el bienestar general.\nY en estos momentos, con apego a los requerimientos sanitarios, tenemos\npresente el cuidado de la salud general y la necesidad imperante de reactivar\nla econom\u00eda, asever\u00f3.<\/p>\n\n\n\n<p>Finalmente,\nel representante popular extern\u00f3 un reconocimiento a los trabajadores del\ncampo, obreros y personal del sector de salud y de servicios en general, por su\ninvaluable participaci\u00f3n para aminorar los efectos de la epidemia. En\nconsecuencia, exhort\u00f3 al pueblo en general a no relajar las medidas de sana\ndistancia e higiene, ante el incremento de contagios, en la fase activa, que\nhan costado m\u00e1s de 600 vidas en la entidad oaxaque\u00f1a.<\/p>\n","protected":false},"excerpt":{"rendered":"<p>Redacci\u00f3n\/Zona Roja. Oaxaca de Ju\u00e1rez, Oax. 5 de julio de 2020.- El presidente de la&hellip;<\/p>\n","protected":false},"author":2,"featured_media":10818,"comment_status":"closed","ping_status":"open","sticky":false,"template":"","format":"standard","meta":{"_lmt_disableupdate":"","_lmt_disable":"","_jetpack_memberships_contains_paid_content":false,"footnotes":""},"categories":[109,46],"tags":[444],"class_list":["post-14642","post","type-post","status-publish","format-standard","has-post-thumbnail","hentry","category-minuto-a-minuto","category-zona-blanca","tag-horacio-sosa-villavicencio"],"jetpack_featured_media_url":"https:\/\/zonaroja.com.mx\/wp-content\/uploads\/2020\/04\/Comercios-cerrados-Oaxaca.png","jetpack_sharing_enabled":true,"_links":{"self":[{"href":"https:\/\/zonaroja.com.mx\/index.php?rest_route=\/wp\/v2\/posts\/14642","targetHints":{"allow":["GET"]}}],"collection":[{"href":"https:\/\/zonaroja.com.mx\/index.php?rest_route=\/wp\/v2\/posts"}],"about":[{"href":"https:\/\/zonaroja.com.mx\/index.php?rest_route=\/wp\/v2\/types\/post"}],"author":[{"embeddable":true,"href":"https:\/\/zonaroja.com.mx\/index.php?rest_route=\/wp\/v2\/users\/2"}],"replies":[{"embeddable":true,"href":"https:\/\/zonaroja.com.mx\/index.php?rest_route=%2Fwp%2Fv2%2Fcomments&post=14642"}],"version-history":[{"count":1,"href":"https:\/\/zonaroja.com.mx\/index.php?rest_route=\/wp\/v2\/posts\/14642\/revisions"}],"predecessor-version":[{"id":14644,"href":"https:\/\/zonaroja.com.mx\/index.php?rest_route=\/wp\/v2\/posts\/14642\/revisions\/14644"}],"wp:featuredmedia":[{"embeddable":true,"href":"https:\/\/zonaroja.com.mx\/index.php?rest_route=\/wp\/v2\/media\/10818"}],"wp:attachment":[{"href":"https:\/\/zonaroja.com.mx\/index.php?rest_route=%2Fwp%2Fv2%2Fmedia&parent=14642"}],"wp:term":[{"taxonomy":"category","embeddable":true,"href":"https:\/\/zonaroja.com.mx\/index.php?rest_route=%2Fwp%2Fv2%2Fcategories&post=14642"},{"taxonomy":"post_tag","embeddable":true,"href":"https:\/\/zonaroja.com.mx\/index.php?rest_route=%2Fwp%2Fv2%2Ftags&post=14642"}],"curies":[{"name":"wp","href":"https:\/\/api.w.org\/{rel}","templated":true}]}}