{"id":14645,"date":"2020-07-05T14:57:51","date_gmt":"2020-07-05T19:57:51","guid":{"rendered":"http:\/\/www.zonaroja.com.mx\/?p=14645"},"modified":"2020-07-05T14:57:54","modified_gmt":"2020-07-05T19:57:54","slug":"en-teotitlan-oaxaca-se-les-cae-el-muerto-por-covi-19-de-la-carroza","status":"publish","type":"post","link":"https:\/\/zonaroja.com.mx\/?p=14645","title":{"rendered":"En Teotitl\u00e1n, Oaxaca, \u00a1se les cae el muerto por Covi-19 de la carroza!"},"content":{"rendered":"\n<p>Redacci\u00f3n\/Zona\nRoja.<\/p>\n\n\n\n<p>Oaxaca de\nJu\u00e1rez, Oax., 5 de julio de 2020.- Un cad\u00e1ver de una persona presuntamente con\nCovid-19, cay\u00f3 de manera accidental de una carroza en movimiento, en Teotitl\u00e1n\nde Flores Mag\u00f3n, municipio de la regi\u00f3n Ca\u00f1ada de Oaxaca.<\/p>\n\n\n\n<p>De\nacuerdo con los reportes, al responsable de la unidad que transportaba el\ncuerpo lo recogi\u00f3 en el hospital general y lo trasladaba para su inhumaci\u00f3n o\nincineraci\u00f3n, pero se le \u201colvid\u00f3\u201d cerrar la puerta trasera de la carroza, por\nlo cual el f\u00e9retro cay\u00f3 en el pavimento, en la calle Col\u00f3n.<\/p>\n\n\n\n<p>Lo\nanterior provoc\u00f3 alarma entre los habitantes de la zona, que exigieron de\ninmediato a las autoridades municipales la sanitizaci\u00f3n del \u00e1rea y de la zona.<\/p>\n\n\n\n<p>Al\nmomento no se ha informado el nombre de la compa\u00f1\u00eda, originaria de Puebla, que\ntrasladaba el f\u00e9retro hacia el pante\u00f3n; mientras tanto, la zona fue acordonada\npara evitar el paso de personas.<\/p>\n\n\n\n<p>OTRO\nATA\u00daD TIRADO<\/p>\n\n\n\n<p>Recientemente\nocurri\u00f3 otro caso similar, aunque la caja mortuoria no llevaba alg\u00fan cuerpo;\npese a ello, se tomaron todas las previsiones sanitarias necesarias e incluso se\nacordon\u00f3 el \u00e1rea.<\/p>\n\n\n\n<p>Los hechos\nsucedieron a finales del mes de mayo, en que al fondo de un arroyo se localiz\u00f3\nel ata\u00fad, en la carretera federal 175, tramo Ejutla-San Mart\u00edn de los Canseco.\nEl hecho tambi\u00e9n caus\u00f3 alarma entre los vecinos de la zona.<\/p>\n","protected":false},"excerpt":{"rendered":"<p>Redacci\u00f3n\/Zona Roja. Oaxaca de Ju\u00e1rez, Oax., 5 de julio de 2020.- Un cad\u00e1ver de una&hellip;<\/p>\n","protected":false},"author":2,"featured_media":14646,"comment_status":"closed","ping_status":"open","sticky":false,"template":"","format":"standard","meta":{"_lmt_disableupdate":"","_lmt_disable":"","_jetpack_memberships_contains_paid_content":false,"footnotes":""},"categories":[109,47],"tags":[1806],"class_list":["post-14645","post","type-post","status-publish","format-standard","has-post-thumbnail","hentry","category-minuto-a-minuto","category-zona-gris","tag-teotitlan-de-flores-magon"],"jetpack_featured_media_url":"https:\/\/zonaroja.com.mx\/wp-content\/uploads\/2020\/07\/Muerto-Covid-Teotitl\u00e1n.jpg","jetpack_sharing_enabled":true,"_links":{"self":[{"href":"https:\/\/zonaroja.com.mx\/index.php?rest_route=\/wp\/v2\/posts\/14645","targetHints":{"allow":["GET"]}}],"collection":[{"href":"https:\/\/zonaroja.com.mx\/index.php?rest_route=\/wp\/v2\/posts"}],"about":[{"href":"https:\/\/zonaroja.com.mx\/index.php?rest_route=\/wp\/v2\/types\/post"}],"author":[{"embeddable":true,"href":"https:\/\/zonaroja.com.mx\/index.php?rest_route=\/wp\/v2\/users\/2"}],"replies":[{"embeddable":true,"href":"https:\/\/zonaroja.com.mx\/index.php?rest_route=%2Fwp%2Fv2%2Fcomments&post=14645"}],"version-history":[{"count":1,"href":"https:\/\/zonaroja.com.mx\/index.php?rest_route=\/wp\/v2\/posts\/14645\/revisions"}],"predecessor-version":[{"id":14647,"href":"https:\/\/zonaroja.com.mx\/index.php?rest_route=\/wp\/v2\/posts\/14645\/revisions\/14647"}],"wp:featuredmedia":[{"embeddable":true,"href":"https:\/\/zonaroja.com.mx\/index.php?rest_route=\/wp\/v2\/media\/14646"}],"wp:attachment":[{"href":"https:\/\/zonaroja.com.mx\/index.php?rest_route=%2Fwp%2Fv2%2Fmedia&parent=14645"}],"wp:term":[{"taxonomy":"category","embeddable":true,"href":"https:\/\/zonaroja.com.mx\/index.php?rest_route=%2Fwp%2Fv2%2Fcategories&post=14645"},{"taxonomy":"post_tag","embeddable":true,"href":"https:\/\/zonaroja.com.mx\/index.php?rest_route=%2Fwp%2Fv2%2Ftags&post=14645"}],"curies":[{"name":"wp","href":"https:\/\/api.w.org\/{rel}","templated":true}]}}