{"id":14648,"date":"2020-07-05T15:00:29","date_gmt":"2020-07-05T20:00:29","guid":{"rendered":"http:\/\/www.zonaroja.com.mx\/?p=14648"},"modified":"2020-07-05T15:00:31","modified_gmt":"2020-07-05T20:00:31","slug":"sismo-de-oaxaca-desplazo-45-centimetros-el-territorio-mexicano-nasa","status":"publish","type":"post","link":"https:\/\/zonaroja.com.mx\/?p=14648","title":{"rendered":"Sismo de Oaxaca desplaz\u00f3 45 cent\u00edmetros el territorio mexicano: NASA"},"content":{"rendered":"\n<p>Redacci\u00f3n\/Zona\nRoja Cdmx.<\/p>\n\n\n\n<p>Ciudad de\nM\u00e9xico, 5 de julio de 2020.- El sismo de magnitud 7.5 del pasado 23 de junio,\nno solo ocasion\u00f3 un saldo de 10 muertos, tambi\u00e9n provoc\u00f3 un desplazamiento del\nterreno de 45 cent\u00edmetros en Oaxaca, seg\u00fan datos de la NASA.<\/p>\n\n\n\n<p>La\nagencia espacial estadounidense explic\u00f3 que al comparar dos mapas con datos\nsatelitales, unos antes del 31 de marzo, y los segundos tras el sismo, se\nobserva un desplazamiento del suelo.<\/p>\n\n\n\n<p>En la\nimagen un ciclo de color completo representa un desplazamiento relativo entre\ndos puntos en el suelo. <\/p>\n\n\n\n<p>\u201cCada\nciclo define aproximadamente 15 cm de desplazamientos en la direcci\u00f3n de l\u00ednea\nde visi\u00f3n del sat\u00e9lite (LHOS)\u201d, explic\u00f3.<\/p>\n\n\n\n<p>La NASA\nactiv\u00f3 el Programa de Desastres de Ciencias Aplicadas de la Tierra con el\nobjetivo de producir datos e im\u00e1genes satelitales para comprender mejor el\nevento y sus impactos.<\/p>\n\n\n\n<p>La\ninvestigaci\u00f3n de este fen\u00f3meno tiene como objetivo desarrollar mejores\nmecanismos para la predicci\u00f3n de tsunamis.<\/p>\n\n\n\n<p>El\nterremoto desencaden\u00f3 una alerta de tsunami, sin embargo solo se manifest\u00f3 de\nforma gradual con olas de 0.68 metros observadas en Acapulco y de 0.71 metros\nen Salina Cruz.<\/p>\n\n\n\n<p>El\nmovimiento tambi\u00e9n fue perceptible en Ciudad de M\u00e9xico, Puebla, Guerrero,\nVeracruz y Chiapas.<\/p>\n\n\n\n<p>En total\nhubo 23 personas lesionadas, 21 en Oaxaca y dos m\u00e1s en la capital del pa\u00eds.<\/p>\n\n\n\n<p>De todas\nlas entidades, Oaxaca es la que report\u00f3 mayor afectaci\u00f3n, pues con m\u00e1s de dos\nmil inmuebles da\u00f1ados.<\/p>\n\n\n\n<p>(Informaci\u00f3n\ndel portal \u201cAnimal Pol\u00edtico\u201d)<\/p>\n","protected":false},"excerpt":{"rendered":"<p>Redacci\u00f3n\/Zona Roja Cdmx. Ciudad de M\u00e9xico, 5 de julio de 2020.- El sismo de magnitud&hellip;<\/p>\n","protected":false},"author":2,"featured_media":14166,"comment_status":"closed","ping_status":"open","sticky":false,"template":"","format":"standard","meta":{"_lmt_disableupdate":"","_lmt_disable":"","_jetpack_memberships_contains_paid_content":false,"footnotes":""},"categories":[109,47],"tags":[1782],"class_list":["post-14648","post","type-post","status-publish","format-standard","has-post-thumbnail","hentry","category-minuto-a-minuto","category-zona-gris","tag-sismo-oaxaca"],"jetpack_featured_media_url":"https:\/\/zonaroja.com.mx\/wp-content\/uploads\/2020\/06\/Afectaciones-sismo-Ozolotepec-1.jpg","jetpack_sharing_enabled":true,"_links":{"self":[{"href":"https:\/\/zonaroja.com.mx\/index.php?rest_route=\/wp\/v2\/posts\/14648","targetHints":{"allow":["GET"]}}],"collection":[{"href":"https:\/\/zonaroja.com.mx\/index.php?rest_route=\/wp\/v2\/posts"}],"about":[{"href":"https:\/\/zonaroja.com.mx\/index.php?rest_route=\/wp\/v2\/types\/post"}],"author":[{"embeddable":true,"href":"https:\/\/zonaroja.com.mx\/index.php?rest_route=\/wp\/v2\/users\/2"}],"replies":[{"embeddable":true,"href":"https:\/\/zonaroja.com.mx\/index.php?rest_route=%2Fwp%2Fv2%2Fcomments&post=14648"}],"version-history":[{"count":1,"href":"https:\/\/zonaroja.com.mx\/index.php?rest_route=\/wp\/v2\/posts\/14648\/revisions"}],"predecessor-version":[{"id":14649,"href":"https:\/\/zonaroja.com.mx\/index.php?rest_route=\/wp\/v2\/posts\/14648\/revisions\/14649"}],"wp:featuredmedia":[{"embeddable":true,"href":"https:\/\/zonaroja.com.mx\/index.php?rest_route=\/wp\/v2\/media\/14166"}],"wp:attachment":[{"href":"https:\/\/zonaroja.com.mx\/index.php?rest_route=%2Fwp%2Fv2%2Fmedia&parent=14648"}],"wp:term":[{"taxonomy":"category","embeddable":true,"href":"https:\/\/zonaroja.com.mx\/index.php?rest_route=%2Fwp%2Fv2%2Fcategories&post=14648"},{"taxonomy":"post_tag","embeddable":true,"href":"https:\/\/zonaroja.com.mx\/index.php?rest_route=%2Fwp%2Fv2%2Ftags&post=14648"}],"curies":[{"name":"wp","href":"https:\/\/api.w.org\/{rel}","templated":true}]}}