{"id":14650,"date":"2020-07-05T16:43:30","date_gmt":"2020-07-05T21:43:30","guid":{"rendered":"http:\/\/www.zonaroja.com.mx\/?p=14650"},"modified":"2020-07-05T16:43:33","modified_gmt":"2020-07-05T21:43:33","slug":"criminal-abandono-de-pacientes-con-covid-en-hospital-de-juchitan","status":"publish","type":"post","link":"https:\/\/zonaroja.com.mx\/?p=14650","title":{"rendered":"Criminal, abandono de pacientes con Covid en hospital de Juchit\u00e1n"},"content":{"rendered":"\n<p>Redacci\u00f3n\/Estado\n20.<\/p>\n\n\n\n<p>Oaxaca de\nJu\u00e1rez, Oax., 5 de julio de 2020.- El Centro de Derechos Ind\u00edgenas \u201cFlor y\nCanto\u201d document\u00f3 casos de personas sospechosas de Covid-19 que acudieron al\nHospital General \u201cDr. Macedonio Ben\u00edtez Fuentes\u201d de Juchit\u00e1n de Zaragoza, con\nestudios realizados previamente y con saturaci\u00f3n de ox\u00edgeno de 80, que fueron\nenviados a sus domicilios sin proporcional ox\u00edgeno y sin informar a la familia.<\/p>\n\n\n\n<p>Para la\nasociaci\u00f3n civil, esto constituye un acto criminal para los pacientes enfermos\nde este municipio del Istmo de Tehuantepec de Oaxaca.<\/p>\n\n\n\n<p>Adem\u00e1s,\nlas personas que mueren en sus domicilios no pueden ser sepultados pronto\nporque el sector salud se niega a acudir a sus hogares para certificar la\nmuerte y los m\u00e9dicos de cl\u00ednicas particulares tambi\u00e9n se niegan. Lo que\nimposibilita que las funerarios puedan los cuerpos de manera r\u00e1pida.<\/p>\n\n\n\n<p>Una vez\nque se tiene un fallecido por Covid-19 en un domicilio no hay ning\u00fan tipo de\nmonitoreo, las autoridades de salud se niegan a aplicar la prueba a los\nfamiliares con el argumento de que no hay personal para acudir a los domicilios\no que en fin de semana no se atiende.<\/p>\n\n\n\n<p>\u201cNo hay atenci\u00f3n\nm\u00e9dica. La situaci\u00f3n se agrava porque han cerrado por d\u00edas el hospital, dejando\na las personas en el desamparo total. Hay un aumento acelerado y descontrolado\nde muertes y la \u00fanica acci\u00f3n que se les ocurre a las autoridades es preparar\nfosas para quienes pierden la vida\u201d, expuso en un comunicado.<\/p>\n\n\n\n<p>La\norganizaci\u00f3n \u201cFlor y Canto\u201d advirti\u00f3 que Juchit\u00e1n es uno de los municipios m\u00e1s\npoblados de Oaxaca y est\u00e1 enfrentando graves carencias para salvaguardar la\nvida de sus habitantes.<\/p>\n\n\n\n<p>Asimismo,\nexigi\u00f3 al Estado mexicano tomar de manera inmediata las medidas apropiadas para\ngarantizar la seguridad, informaci\u00f3n culturalmente adecuada, atenci\u00f3n m\u00e9dica y\nrespuestas que consideren de las personas para proteger su vida.<\/p>\n\n\n\n<p>Tambi\u00e9n\ndemand\u00f3 realizar de manera urgente la prueba Covid-19 a los sospechosos de\nhaber contra\u00eddo el virus, garantizar la atenci\u00f3n m\u00e9dica y los medicamentos\nnecesarios ante los s\u00edntomas que presenta.<\/p>\n\n\n\n<p>Para \u201cFlor y Canto\u201d, no se cumpli\u00f3 por parte de las autoridades con los est\u00e1ndares en materia de salud de poblaci\u00f3n ind\u00edgena durante la pandemia, no se dise\u00f1aron medidas que consideraran la intersecci\u00f3n de diferentes caracter\u00edsticas de las personas que habitan el municipio de Juchit\u00e1n. \u201cHay una alarmante desinformaci\u00f3n respecto a la pandemia y sus efectos, no se comunic\u00f3 de manera adecuada y no hubo una amplia difusi\u00f3n en la lengua materna de la poblaci\u00f3n, tampoco se tuvo una verdadera vigilancia del cumplimiento de las medidas de sana distancia\u201d, sostuvo. <\/p>\n","protected":false},"excerpt":{"rendered":"<p>Redacci\u00f3n\/Estado 20. Oaxaca de Ju\u00e1rez, Oax., 5 de julio de 2020.- El Centro de Derechos&hellip;<\/p>\n","protected":false},"author":2,"featured_media":9057,"comment_status":"closed","ping_status":"open","sticky":false,"template":"","format":"standard","meta":{"_lmt_disableupdate":"","_lmt_disable":"","_jetpack_memberships_contains_paid_content":false,"footnotes":""},"categories":[109,47],"tags":[123],"class_list":["post-14650","post","type-post","status-publish","format-standard","has-post-thumbnail","hentry","category-minuto-a-minuto","category-zona-gris","tag-juchitan-de-zaragoza"],"jetpack_featured_media_url":"https:\/\/zonaroja.com.mx\/wp-content\/uploads\/2020\/02\/Hospital-Juchit\u00e1n.png","jetpack_sharing_enabled":true,"_links":{"self":[{"href":"https:\/\/zonaroja.com.mx\/index.php?rest_route=\/wp\/v2\/posts\/14650","targetHints":{"allow":["GET"]}}],"collection":[{"href":"https:\/\/zonaroja.com.mx\/index.php?rest_route=\/wp\/v2\/posts"}],"about":[{"href":"https:\/\/zonaroja.com.mx\/index.php?rest_route=\/wp\/v2\/types\/post"}],"author":[{"embeddable":true,"href":"https:\/\/zonaroja.com.mx\/index.php?rest_route=\/wp\/v2\/users\/2"}],"replies":[{"embeddable":true,"href":"https:\/\/zonaroja.com.mx\/index.php?rest_route=%2Fwp%2Fv2%2Fcomments&post=14650"}],"version-history":[{"count":1,"href":"https:\/\/zonaroja.com.mx\/index.php?rest_route=\/wp\/v2\/posts\/14650\/revisions"}],"predecessor-version":[{"id":14651,"href":"https:\/\/zonaroja.com.mx\/index.php?rest_route=\/wp\/v2\/posts\/14650\/revisions\/14651"}],"wp:featuredmedia":[{"embeddable":true,"href":"https:\/\/zonaroja.com.mx\/index.php?rest_route=\/wp\/v2\/media\/9057"}],"wp:attachment":[{"href":"https:\/\/zonaroja.com.mx\/index.php?rest_route=%2Fwp%2Fv2%2Fmedia&parent=14650"}],"wp:term":[{"taxonomy":"category","embeddable":true,"href":"https:\/\/zonaroja.com.mx\/index.php?rest_route=%2Fwp%2Fv2%2Fcategories&post=14650"},{"taxonomy":"post_tag","embeddable":true,"href":"https:\/\/zonaroja.com.mx\/index.php?rest_route=%2Fwp%2Fv2%2Ftags&post=14650"}],"curies":[{"name":"wp","href":"https:\/\/api.w.org\/{rel}","templated":true}]}}