{"id":14652,"date":"2020-07-05T17:23:29","date_gmt":"2020-07-05T22:23:29","guid":{"rendered":"http:\/\/www.zonaroja.com.mx\/?p=14652"},"modified":"2020-07-05T17:23:33","modified_gmt":"2020-07-05T22:23:33","slug":"registra-oaxaca-dos-homicidios-este-domingo-uno-por-arma-de-fuego","status":"publish","type":"post","link":"https:\/\/zonaroja.com.mx\/?p=14652","title":{"rendered":"Registra Oaxaca dos homicidios este domingo; uno por arma de fuego"},"content":{"rendered":"\n<p>Redacci\u00f3n\/Zona\nRoja.<\/p>\n\n\n\n<p>Oaxaca de\nJu\u00e1rez, Oax., 5 de julio de 2020.- Dos personas perdieron la vida este domingo\nen la entidad oaxaque\u00f1a, una de ellas de manera violenta, con disparos de arma\nde fuego.<\/p>\n\n\n\n<p>Al\nmediod\u00eda en el tramo carretero La Venta-La Ventosa, del municipio de Juchit\u00e1n\nde Zaragoza, fue ejecutado a balazos un ganadero, mientras viajaba a bordo de\nsu camioneta tipo redilas, marca Ford, tipo Ranger.<\/p>\n\n\n\n<p>De manera preliminar, se inform\u00f3 que la v\u00edctima respondi\u00f3 en vida al nombre de Juan Arturo N. P., quien tuvo su domicilio en la colonia Los Pinos de La Ventosa.<\/p>\n\n\n\n<figure class=\"wp-block-embed-twitter wp-block-embed is-type-rich is-provider-twitter\"><div class=\"wp-block-embed__wrapper\">\n<div class=\"twitter-tweet\"><blockquote class=\"twitter-tweet\" data-lang=\"es\"><p lang=\"es\" dir=\"ltr\"><a href=\"https:\/\/twitter.com\/hashtag\/%C3%9AltimaHora?src=hash&amp;ref_src=twsrc%5Etfw\">#\u00daltimaHora<\/a> <br>El cuerpo sin vida de una persona del sexo masculino fue hallado la ma\u00f1ana de hoy en jurisdicci\u00f3n de San Agust\u00edn de las Juntas, al sur de la capital de <a href=\"https:\/\/twitter.com\/hashtag\/Oaxaca?src=hash&amp;ref_src=twsrc%5Etfw\">#Oaxaca<\/a>; a\u00fan se desconocen las causas del homicidio. <a href=\"https:\/\/t.co\/Qr3p2etcP8\">pic.twitter.com\/Qr3p2etcP8<\/a><\/p>&mdash; Zona Roja Oaxaca (@MexRoja) <a href=\"https:\/\/twitter.com\/MexRoja\/status\/1279848916855533569?ref_src=twsrc%5Etfw\">5 de julio de 2020<\/a><\/blockquote><\/div>\n<\/div><\/figure>\n\n\n\n<p>Por otra\nparte, la ma\u00f1ana de hoy fue localizado el cuerpo de una persona, en el lecho\ndel r\u00edo \u201cAtoyac\u201d, jurisdicci\u00f3n del municipio de San Agust\u00edn de las Juntas, al\nsur de la capital de Oaxaca.<\/p>\n\n\n\n<p>La persona no ha sido identificada hasta el momento\ny tampoco se ha precisado la forma en que perdi\u00f3 la vida; vest\u00eda una camisa a\ncuadros, pantal\u00f3n de mezclilla y cicatrices en labio y nariz.<\/p>\n\n\n\n<p>ATACAN A\nCOMUNICADOR<\/p>\n\n\n\n<p>En tanto, la Asociaci\u00f3n Mexicana de Periodistas Desplazados y Agredidos (AMPDA) denunci\u00f3 que el periodista Carlos Tirado Palacios, corresponsal de \u201cEl Pi\u00f1ero de la Cuenca\u201d y del peri\u00f3dico \u201cPunto Cr\u00edtico\u201d del Istmo, sufri\u00f3 un atentado a sus veh\u00edculos esta madrugada de domingo.<\/p>\n\n\n\n<figure class=\"wp-block-embed-twitter wp-block-embed is-type-rich is-provider-twitter\"><div class=\"wp-block-embed__wrapper\">\n<div class=\"twitter-tweet\"><blockquote class=\"twitter-tweet\" data-lang=\"es\"><p lang=\"es\" dir=\"ltr\"><a href=\"https:\/\/twitter.com\/hashtag\/%C3%9AltimoMinuto?src=hash&amp;ref_src=twsrc%5Etfw\">#\u00daltimoMinuto<\/a> <br>Reportan que el periodista Carlos Tirado Palacios, corresponsal de <a href=\"https:\/\/twitter.com\/ELPINERO?ref_src=twsrc%5Etfw\">@ELPINERO<\/a> y del peri\u00f3dico \u201cPunto Cr\u00edtico\u201d del Istmo, sufri\u00f3 un atentado a sus veh\u00edculos esta madrugada, en su domicilio particular en la regi\u00f3n istme\u00f1a. <a href=\"https:\/\/twitter.com\/article19mex?ref_src=twsrc%5Etfw\">@article19mex<\/a> <a href=\"https:\/\/twitter.com\/CNDH?ref_src=twsrc%5Etfw\">@CNDH<\/a> <a href=\"https:\/\/twitter.com\/DDHPO?ref_src=twsrc%5Etfw\">@DDHPO<\/a> <a href=\"https:\/\/t.co\/lChUzX0Cvg\">pic.twitter.com\/lChUzX0Cvg<\/a><\/p>&mdash; Zona Roja Oaxaca (@MexRoja) <a href=\"https:\/\/twitter.com\/MexRoja\/status\/1279797478825615360?ref_src=twsrc%5Etfw\">5 de julio de 2020<\/a><\/blockquote><\/div>\n<\/div><\/figure>\n\n\n\n<p>Presuntamente\nla agresi\u00f3n se debi\u00f3 a las denuncias presentadas contra el regidor de Obras\nP\u00fablicas del ayuntamiento de Ciudad Ixtepec, municipio de la regi\u00f3n del Istmo\nde Tehuantepec de Oaxaca, as\u00ed como contra sus hijos.<\/p>\n\n\n\n<p>Los da\u00f1os\nfueron \u00fanicamente a dos unidades de motor, utilizando martillos o piedras, y presuntamente\nfueron mototaxistas, confirm\u00f3 el periodista a trav\u00e9s de sus redes sociales, al\ntiempo de descartar que hayan sido balazos.<\/p>\n\n\n\n<p>RECONOCEN\nA ULTIMADO<\/p>\n\n\n\n<p>En tanto,\nel individuo que fue asesinado el viernes en la comunidad de San Juan Bautista\nLa Raya, municipio de Santa Cruz Xoxocotl\u00e1n, fue identificado como Uriel A. C.,\noriginario y vecino de la Villa de Zaachila y de ocupaci\u00f3n mototaxista; hasta\nel momento no se ha identificado el m\u00f3vil del crimen ni tampoco hay personas\ndetenidas.<\/p>\n","protected":false},"excerpt":{"rendered":"<p>Redacci\u00f3n\/Zona Roja. Oaxaca de Ju\u00e1rez, Oax., 5 de julio de 2020.- Dos personas perdieron la&hellip;<\/p>\n","protected":false},"author":2,"featured_media":14653,"comment_status":"closed","ping_status":"open","sticky":false,"template":"","format":"standard","meta":{"_lmt_disableupdate":"","_lmt_disable":"","_jetpack_memberships_contains_paid_content":false,"footnotes":""},"categories":[109,51],"tags":[1810,123],"class_list":["post-14652","post","type-post","status-publish","format-standard","has-post-thumbnail","hentry","category-minuto-a-minuto","category-zona-roja","tag-carlos-tirado-palacios","tag-juchitan-de-zaragoza"],"jetpack_featured_media_url":"https:\/\/zonaroja.com.mx\/wp-content\/uploads\/2020\/07\/Ejecutado-San-Agust\u00edn-de-Las-Juntas.jpg","jetpack_sharing_enabled":true,"_links":{"self":[{"href":"https:\/\/zonaroja.com.mx\/index.php?rest_route=\/wp\/v2\/posts\/14652","targetHints":{"allow":["GET"]}}],"collection":[{"href":"https:\/\/zonaroja.com.mx\/index.php?rest_route=\/wp\/v2\/posts"}],"about":[{"href":"https:\/\/zonaroja.com.mx\/index.php?rest_route=\/wp\/v2\/types\/post"}],"author":[{"embeddable":true,"href":"https:\/\/zonaroja.com.mx\/index.php?rest_route=\/wp\/v2\/users\/2"}],"replies":[{"embeddable":true,"href":"https:\/\/zonaroja.com.mx\/index.php?rest_route=%2Fwp%2Fv2%2Fcomments&post=14652"}],"version-history":[{"count":1,"href":"https:\/\/zonaroja.com.mx\/index.php?rest_route=\/wp\/v2\/posts\/14652\/revisions"}],"predecessor-version":[{"id":14654,"href":"https:\/\/zonaroja.com.mx\/index.php?rest_route=\/wp\/v2\/posts\/14652\/revisions\/14654"}],"wp:featuredmedia":[{"embeddable":true,"href":"https:\/\/zonaroja.com.mx\/index.php?rest_route=\/wp\/v2\/media\/14653"}],"wp:attachment":[{"href":"https:\/\/zonaroja.com.mx\/index.php?rest_route=%2Fwp%2Fv2%2Fmedia&parent=14652"}],"wp:term":[{"taxonomy":"category","embeddable":true,"href":"https:\/\/zonaroja.com.mx\/index.php?rest_route=%2Fwp%2Fv2%2Fcategories&post=14652"},{"taxonomy":"post_tag","embeddable":true,"href":"https:\/\/zonaroja.com.mx\/index.php?rest_route=%2Fwp%2Fv2%2Ftags&post=14652"}],"curies":[{"name":"wp","href":"https:\/\/api.w.org\/{rel}","templated":true}]}}