{"id":14657,"date":"2020-07-05T18:15:41","date_gmt":"2020-07-05T23:15:41","guid":{"rendered":"http:\/\/www.zonaroja.com.mx\/?p=14657"},"modified":"2020-07-05T18:15:44","modified_gmt":"2020-07-05T23:15:44","slug":"ante-delitos-e-inseguridad-motociclistas-tomarian-justicia-por-propia-mano","status":"publish","type":"post","link":"https:\/\/zonaroja.com.mx\/?p=14657","title":{"rendered":"Ante delitos e inseguridad, motociclistas tomar\u00edan \u201cjusticia por propia mano\u201d"},"content":{"rendered":"\n<p>Ismael\nGarc\u00eda M.\/Zona Roja.<\/p>\n\n\n\n<p>Oaxaca de\nJu\u00e1rez, Oax., 5 de julio de 2020.- Ante la nula respuesta a sus demandas de\nseguridad, motociclistas repartidores de productos alimenticios y art\u00edculos,\nhan comenzado a tomar \u201cjusticia por propia mano\u201d.<\/p>\n\n\n\n<p>De hecho,\nya han localizado y detenido a por lo menos a un presunto delincuente que rob\u00f3\nuna motocicleta a uno de sus compa\u00f1eros; no obstante, la burocracia en las\ninstituciones de gobierno, impide una procuraci\u00f3n de justicia pronta.<\/p>\n\n\n\n<p>As\u00ed lo dieron a conocer este domingo, en que por tercera ocasi\u00f3n, ciclistas y motociclistas, ahora apoyados por decenas de propietarios de este tipo de unidades, efectuaron una caravana de veh\u00edculos, de la fuente de las Ocho Regiones hacia el z\u00f3calo.<\/p>\n\n\n\n<figure class=\"wp-block-embed-twitter wp-block-embed is-type-rich is-provider-twitter\"><div class=\"wp-block-embed__wrapper\">\n<div class=\"twitter-tweet\"><blockquote class=\"twitter-tweet\" data-lang=\"es\"><p lang=\"es\" dir=\"ltr\">(1) Cientos de motociclista realizan hoy una caravana del norte al z\u00f3calo de la capital de <a href=\"https:\/\/twitter.com\/hashtag\/Oaxaca?src=hash&amp;ref_src=twsrc%5Etfw\">#Oaxaca<\/a>, para exigir q las autoridades mayor seguridad. <a href=\"https:\/\/t.co\/PDFkoowVpL\">pic.twitter.com\/PDFkoowVpL<\/a><\/p>&mdash; Zona Roja Oaxaca (@MexRoja) <a href=\"https:\/\/twitter.com\/MexRoja\/status\/1279828670408994816?ref_src=twsrc%5Etfw\">5 de julio de 2020<\/a><\/blockquote><\/div>\n<\/div><\/figure>\n\n\n\n<p>Previo a\nello, explicaron que por su propia cuenta han localizado las motocicletas\nrobadas y el domicilio donde las tienen; pero la Fiscal\u00eda tarda m\u00e1s de 48 horas\npara liberar una orden de cateo y recuperar el veh\u00edculo.<\/p>\n\n\n\n<p>\u201cYa se\nubic\u00f3 la moto, ya se ubic\u00f3 el domicilio, se ubic\u00f3 al ladr\u00f3n. Pero tiene que ir\nla gente de la Fiscal\u00eda a verificar que s\u00ed es cierto y de ah\u00ed regresan.\nEntonces se tardan hasta 48 horas o m\u00e1s en librar una orden de cateo y cuando\nya la liberan, ya no est\u00e1 el veh\u00edculo, ya ha pasado muchas veces\u201d.<\/p>\n\n\n\n<p>Previo a\nla rodada, Silva, integrante de la directiva de Motociclistas Unidos de Oaxaca\ny Jes\u00fas, representante de los repartidores de Uber, expusieron que durante la\npandemia por el coronavirus Covid-19, la delincuencia increment\u00f3 hasta en m\u00e1s\nde un 100 por ciento en Oaxaca.<\/p>\n\n\n\n<p>\u201cHay una\nalta alza de robos \u00faltimamente en Oaxaca. Antes robaban, pero ahora est\u00e1n robando\nya con armas y lo est\u00e1n haciendo con mucha violencia.<\/p>\n\n\n\n<p>\u201cDe abril a la fecha, entre los grupos de apoyo nos llegan reportes de tres a cuatro motos robadas al d\u00eda. Eso ocurr\u00eda, anteriormente, como una o dos o tres por semana. Ahora, adem\u00e1s, los robos son a mano armada. Si ha habido un aumento gradual y no hay resultados, por eso exigimos resultados\u201d, expusieron.<\/p>\n\n\n\n<figure class=\"wp-block-embed-twitter wp-block-embed is-type-rich is-provider-twitter\"><div class=\"wp-block-embed__wrapper\">\n<div class=\"twitter-tweet\"><blockquote class=\"twitter-tweet\" data-lang=\"es\"><p lang=\"es\" dir=\"ltr\"><a href=\"https:\/\/twitter.com\/hashtag\/%C3%9AltimoMinuto?src=hash&amp;ref_src=twsrc%5Etfw\">#\u00daltimoMinuto<\/a> <br>(3) En el z\u00f3calo de la capital de <a href=\"https:\/\/twitter.com\/hashtag\/Oaxaca?src=hash&amp;ref_src=twsrc%5Etfw\">#Oaxaca<\/a> concluy\u00f3 la movilizaci\u00f3n de ciclistas y motociclistas, que exigen seguridad; leyeron un pliego petitorio que incluye tambi\u00e9n peticiones de reformas legales. <a href=\"https:\/\/t.co\/DH6hv3XRn5\">pic.twitter.com\/DH6hv3XRn5<\/a><\/p>&mdash; Zona Roja Oaxaca (@MexRoja) <a href=\"https:\/\/twitter.com\/MexRoja\/status\/1279834044759498753?ref_src=twsrc%5Etfw\">5 de julio de 2020<\/a><\/blockquote><\/div>\n<\/div><\/figure>\n\n\n\n<p>Tambi\u00e9n\nexigieron que se tipifique como delito grave la tentativa de robo o el robo\nconsumado, porque hoy actualmente no est\u00e1 tipificado como un delito grave.\n\u201cAlguien se roba un veh\u00edculo, lo arrestan, paga una fianza y sale, y el\nveh\u00edculo ah\u00ed bien gracias\u201d.<\/p>\n\n\n\n<p>Hasta la\nfecha, informaron, no hay una mesa de di\u00e1logo formal en donde se establezcan\nacuerdos firmados con las autoridades estatales; ya que muchas veces los citan,\nles prometen apoyo y al final \u00fanicamente les \u201cdan atole con el dedo\u201d.<\/p>\n\n\n\n<p>Por ello, demandaron una mesa de di\u00e1logo con el gobernador Alejandro Murat, con el secretario de Seguridad P\u00fablica, Ernesto Salcedo y con el presidente municipal de Oaxaca de Ju\u00e1rez, Oswaldo Garc\u00eda.<\/p>\n\n\n\n<figure class=\"wp-block-image\"><img decoding=\"async\" width=\"320\" height=\"240\" src=\"http:\/\/www.zonaroja.com.mx\/wp-content\/uploads\/2020\/07\/Caravana-motociclistas-2.png\" alt=\"\" class=\"wp-image-14658\" srcset=\"https:\/\/zonaroja.com.mx\/wp-content\/uploads\/2020\/07\/Caravana-motociclistas-2.png 320w, https:\/\/zonaroja.com.mx\/wp-content\/uploads\/2020\/07\/Caravana-motociclistas-2-300x225.png 300w\" sizes=\"(max-width: 320px) 100vw, 320px\" \/><\/figure>\n","protected":false},"excerpt":{"rendered":"<p>Ismael Garc\u00eda M.\/Zona Roja. Oaxaca de Ju\u00e1rez, Oax., 5 de julio de 2020.- Ante la&hellip;<\/p>\n","protected":false},"author":2,"featured_media":14659,"comment_status":"closed","ping_status":"open","sticky":false,"template":"","format":"standard","meta":{"_lmt_disableupdate":"","_lmt_disable":"","_jetpack_memberships_contains_paid_content":false,"footnotes":""},"categories":[109,47],"tags":[1811],"class_list":["post-14657","post","type-post","status-publish","format-standard","has-post-thumbnail","hentry","category-minuto-a-minuto","category-zona-gris","tag-caravana-motociclistas-oaxaca"],"jetpack_featured_media_url":"https:\/\/zonaroja.com.mx\/wp-content\/uploads\/2020\/07\/Caravana-motociclistas.png","jetpack_sharing_enabled":true,"_links":{"self":[{"href":"https:\/\/zonaroja.com.mx\/index.php?rest_route=\/wp\/v2\/posts\/14657","targetHints":{"allow":["GET"]}}],"collection":[{"href":"https:\/\/zonaroja.com.mx\/index.php?rest_route=\/wp\/v2\/posts"}],"about":[{"href":"https:\/\/zonaroja.com.mx\/index.php?rest_route=\/wp\/v2\/types\/post"}],"author":[{"embeddable":true,"href":"https:\/\/zonaroja.com.mx\/index.php?rest_route=\/wp\/v2\/users\/2"}],"replies":[{"embeddable":true,"href":"https:\/\/zonaroja.com.mx\/index.php?rest_route=%2Fwp%2Fv2%2Fcomments&post=14657"}],"version-history":[{"count":1,"href":"https:\/\/zonaroja.com.mx\/index.php?rest_route=\/wp\/v2\/posts\/14657\/revisions"}],"predecessor-version":[{"id":14660,"href":"https:\/\/zonaroja.com.mx\/index.php?rest_route=\/wp\/v2\/posts\/14657\/revisions\/14660"}],"wp:featuredmedia":[{"embeddable":true,"href":"https:\/\/zonaroja.com.mx\/index.php?rest_route=\/wp\/v2\/media\/14659"}],"wp:attachment":[{"href":"https:\/\/zonaroja.com.mx\/index.php?rest_route=%2Fwp%2Fv2%2Fmedia&parent=14657"}],"wp:term":[{"taxonomy":"category","embeddable":true,"href":"https:\/\/zonaroja.com.mx\/index.php?rest_route=%2Fwp%2Fv2%2Fcategories&post=14657"},{"taxonomy":"post_tag","embeddable":true,"href":"https:\/\/zonaroja.com.mx\/index.php?rest_route=%2Fwp%2Fv2%2Ftags&post=14657"}],"curies":[{"name":"wp","href":"https:\/\/api.w.org\/{rel}","templated":true}]}}