{"id":14661,"date":"2020-07-05T18:56:28","date_gmt":"2020-07-05T23:56:28","guid":{"rendered":"http:\/\/www.zonaroja.com.mx\/?p=14661"},"modified":"2020-07-05T18:56:31","modified_gmt":"2020-07-05T23:56:31","slug":"senador-oaxaqueno-raul-bolanos-y-ricardo-monreal-buscan-privatizar-basura","status":"publish","type":"post","link":"https:\/\/zonaroja.com.mx\/?p=14661","title":{"rendered":"Senador oaxaque\u00f1o Ra\u00fal Bola\u00f1os y Ricardo Monreal buscan privatizar basura"},"content":{"rendered":"\n<p>Redacci\u00f3n\/Zona\nRoja.<\/p>\n\n\n\n<p>Oaxaca de\nJu\u00e1rez, Oax., 5 de julio de 2020.- Integrantes de la Confederaci\u00f3n Nacional de\nIndustriales de Metales y Recicladores denunciaron hoy que los senadores de\nMorena, Ricardo Monreal, y del Partido Verde Ecologista de M\u00e9xico (PVEM), Ra\u00fal\nBola\u00f1os Cacho Cu\u00e9, buscan privatizar todo el sector del manejo de la basura y\nde las actividades directas e indirectas relacionados con los residuos s\u00f3lidos\nurbanos.<\/p>\n\n\n\n<p>As\u00ed lo\ndenunciaron este domingo, al realizar una caravana de una docena de veh\u00edculos,\nque parti\u00f3 del crucero del monumento a don Benito Ju\u00e1rez, al oriente de la\nciudad de Oaxaca, hacia el z\u00f3calo, donde protestaron por varios minutos.<\/p>\n\n\n\n<p>En entrevista, indicaron que quienes compran y venden fierro viejo as\u00ed como otros derivados reciclados de la basura, ser\u00edan los principales afectados porque ponen en riesgo el trabajo de alrededor de seis millones de personas en el pa\u00eds y m\u00e1s de 16 mil en Oaxaca.<\/p>\n\n\n\n<figure class=\"wp-block-embed-twitter wp-block-embed is-type-rich is-provider-twitter\"><div class=\"wp-block-embed__wrapper\">\n<div class=\"twitter-tweet\"><blockquote class=\"twitter-tweet\" data-lang=\"es\"><p lang=\"es\" dir=\"ltr\"><a href=\"https:\/\/twitter.com\/hashtag\/%C3%9AltimoMinuto?src=hash&amp;ref_src=twsrc%5Etfw\">#\u00daltimoMinuto<\/a> <br>Al grito de \u00a1fierro viejo que vendan!, recicladores de productos y art\u00edculos realizan una caravana del oriente al centro de la ciudad de <a href=\"https:\/\/twitter.com\/hashtag\/Oaxaca?src=hash&amp;ref_src=twsrc%5Etfw\">#Oaxaca<\/a>, contra una propuesta de ley que promueven los senadores de Morena, <a href=\"https:\/\/twitter.com\/RicardoMonrealA?ref_src=twsrc%5Etfw\">@RicardoMonrealA<\/a>, y del PVEM, <a href=\"https:\/\/twitter.com\/RaulBCCue?ref_src=twsrc%5Etfw\">@RaulBCCue<\/a>. <a href=\"https:\/\/t.co\/TjK8w2BkVW\">pic.twitter.com\/TjK8w2BkVW<\/a><\/p>&mdash; Zona Roja Oaxaca (@MexRoja) <a href=\"https:\/\/twitter.com\/MexRoja\/status\/1279810648009060360?ref_src=twsrc%5Etfw\">5 de julio de 2020<\/a><\/blockquote><\/div>\n<\/div><\/figure>\n\n\n\n<p>\u201cLa\nmanifestaci\u00f3n de nosotros est\u00e1 en contra de dos reformas espec\u00edficamente impulsadas\npor el Partido Verde y Morena. El Partido Verde que no tiene nada de ecologista\ny que es camale\u00f3nico que se en realidad se mueve para lo que le conviene, para\nsus intereses. Entonces, como ecologistas no le interesamos pretenden\ndesaparecernos\u201d, denunciaron.<\/p>\n\n\n\n<p>El\nrepresentante de la Confederaci\u00f3n Nacional de Industriales de Metales y\nRecicladores en Oaxaca, precis\u00f3 que la reforma que impulsa Ra\u00fal Bola\u00f1os es la\nley de Residuos S\u00f3lidos Urbanos donde privatizan todo el sector de la basura y\ndonde ellos ya no podr\u00edamos participar.<\/p>\n\n\n\n<p>Mientras\nque la iniciativa de Ricardo Monreal es la de la ley Econom\u00eda Circular que es\nuna copia de la otra, es decir, de la presentada por el Partido Verde.<\/p>\n\n\n\n<p>\u201cNi\nRicardo ni Ra\u00fal han tenido la intenci\u00f3n de di\u00e1logo con nosotros. Nos hemos\nmanifestado, hemos mostrado nuestra inconformidad y no hay inter\u00e9s. No sabemos\na qui\u00e9n representan Ra\u00fal Bola\u00f1os.<\/p>\n\n\n\n<p>\u201cPedimos\nuna audiencia con los senadores porque ellos han impulsado a la iniciativa\u201d,\nexigieron. Y descartaron que soliciten una reuni\u00f3n con el gobernador de Oaxaca,\nAlejandro Murat Hinojosa, porque a este no le interesa y tampoco se entera de\nlo que suceden en el estado.<\/p>\n","protected":false},"excerpt":{"rendered":"<p>Redacci\u00f3n\/Zona Roja. Oaxaca de Ju\u00e1rez, Oax., 5 de julio de 2020.- Integrantes de la Confederaci\u00f3n&hellip;<\/p>\n","protected":false},"author":2,"featured_media":14662,"comment_status":"closed","ping_status":"open","sticky":false,"template":"","format":"standard","meta":{"_lmt_disableupdate":"","_lmt_disable":"","_jetpack_memberships_contains_paid_content":false,"footnotes":""},"categories":[109,47],"tags":[1812],"class_list":["post-14661","post","type-post","status-publish","format-standard","has-post-thumbnail","hentry","category-minuto-a-minuto","category-zona-gris","tag-confederacion-nacional-de-industriales-de-metales-y-recicladores"],"jetpack_featured_media_url":"https:\/\/zonaroja.com.mx\/wp-content\/uploads\/2020\/07\/Caravana-chatarreros.jpg","jetpack_sharing_enabled":true,"_links":{"self":[{"href":"https:\/\/zonaroja.com.mx\/index.php?rest_route=\/wp\/v2\/posts\/14661","targetHints":{"allow":["GET"]}}],"collection":[{"href":"https:\/\/zonaroja.com.mx\/index.php?rest_route=\/wp\/v2\/posts"}],"about":[{"href":"https:\/\/zonaroja.com.mx\/index.php?rest_route=\/wp\/v2\/types\/post"}],"author":[{"embeddable":true,"href":"https:\/\/zonaroja.com.mx\/index.php?rest_route=\/wp\/v2\/users\/2"}],"replies":[{"embeddable":true,"href":"https:\/\/zonaroja.com.mx\/index.php?rest_route=%2Fwp%2Fv2%2Fcomments&post=14661"}],"version-history":[{"count":1,"href":"https:\/\/zonaroja.com.mx\/index.php?rest_route=\/wp\/v2\/posts\/14661\/revisions"}],"predecessor-version":[{"id":14663,"href":"https:\/\/zonaroja.com.mx\/index.php?rest_route=\/wp\/v2\/posts\/14661\/revisions\/14663"}],"wp:featuredmedia":[{"embeddable":true,"href":"https:\/\/zonaroja.com.mx\/index.php?rest_route=\/wp\/v2\/media\/14662"}],"wp:attachment":[{"href":"https:\/\/zonaroja.com.mx\/index.php?rest_route=%2Fwp%2Fv2%2Fmedia&parent=14661"}],"wp:term":[{"taxonomy":"category","embeddable":true,"href":"https:\/\/zonaroja.com.mx\/index.php?rest_route=%2Fwp%2Fv2%2Fcategories&post=14661"},{"taxonomy":"post_tag","embeddable":true,"href":"https:\/\/zonaroja.com.mx\/index.php?rest_route=%2Fwp%2Fv2%2Ftags&post=14661"}],"curies":[{"name":"wp","href":"https:\/\/api.w.org\/{rel}","templated":true}]}}