{"id":14664,"date":"2020-07-05T20:43:11","date_gmt":"2020-07-06T01:43:11","guid":{"rendered":"http:\/\/www.zonaroja.com.mx\/?p=14664"},"modified":"2020-07-05T20:43:15","modified_gmt":"2020-07-06T01:43:15","slug":"reinan-ambulantes-en-oaxaca-y-comercio-formal-reinicia-actividades","status":"publish","type":"post","link":"https:\/\/zonaroja.com.mx\/?p=14664","title":{"rendered":"Reinan ambulantes en Oaxaca\u2026 y comercio formal reinicia actividades"},"content":{"rendered":"\n<p>Yuridiana\nSosa\/Zona Roja.<\/p>\n\n\n\n<p>Oaxaca de\nJu\u00e1rez, Oax., 5 de julio 2020.- Pese a ser uno de los municipios con los\n\u00edndices m\u00e1s altos de contagios de Covid-19, en Oaxaca los comerciantes\nambulantes impusieron sus leyes y desde hace una semana invaden m\u00e1s espacios\nque los que ocupaban antes de la pandemia.<\/p>\n\n\n\n<p>En tanto,\nen la v\u00edspera de pasar la entidad al sem\u00e1foro naranja, los comercios\nestablecidos comenzaron los preparativos para abrir puertas a partir de este\nlunes\u2026 a pesar de que este domingo se report\u00f3 una cifra r\u00e9cord de nuevos\ncontagios: 323.<\/p>\n\n\n\n<p>Desde la semana pasada, las principales calles del Centro Hist\u00f3rico de la capital lucieron abarrotadas de puestos informales de todo tipo de giros comerciales. Banquetas y calles han vuelto a reducirse para los peatones y los automovilistas.<\/p>\n\n\n\n<figure class=\"wp-block-embed-twitter wp-block-embed is-type-rich is-provider-twitter\"><div class=\"wp-block-embed__wrapper\">\n<div class=\"twitter-tweet\"><blockquote class=\"twitter-tweet\" data-lang=\"es\"><p lang=\"es\" dir=\"ltr\"><a href=\"https:\/\/twitter.com\/hashtag\/OaxacaGris?src=hash&amp;ref_src=twsrc%5Etfw\">#OaxacaGris<\/a><br>Sin vigilancia por parte del <a href=\"https:\/\/twitter.com\/MunicipioOaxaca?ref_src=twsrc%5Etfw\">@MunicipioOaxaca<\/a> que preside <a href=\"https:\/\/twitter.com\/oswaldogarciaj?ref_src=twsrc%5Etfw\">@oswaldogarciaj<\/a>, los ambulantes regresan al Andador Tur\u00edstico de la capital e invaden m\u00e1s espacios; expenden sus productos sin miedo al Covid y sin medidas sanitarias. <a href=\"https:\/\/t.co\/qisCuYDRel\">pic.twitter.com\/qisCuYDRel<\/a><\/p>&mdash; Zona Roja Oaxaca (@MexRoja) <a href=\"https:\/\/twitter.com\/MexRoja\/status\/1279514814612676608?ref_src=twsrc%5Etfw\">4 de julio de 2020<\/a><\/blockquote><\/div>\n<\/div><\/figure>\n\n\n\n<p>\u201c\u00a1Cubrebocas,\nqu\u00e9 le damos! \u00a1Lleve los cubrecosas, las caretas!\u201d es el nuevo anuncio a gritos\nde los comerciantes en cada una de las cuadras.<\/p>\n\n\n\n<p>Pues\nestos elementos de protecci\u00f3n se han convertido en el producto principal en\ncada una de los puestos, donde comparten espacio con prendas t\u00edpicas, o han\noptado por dirigir \u00fanicamente su venta de esos complementos de seguridad\npersonal.<\/p>\n\n\n\n<p>La\ninstalaci\u00f3n de estos puestos se registra tras una semana de repunte de nuevos\ncasos para la capital a\u00fan en sem\u00e1foro rojo, bajo la mirada y anuencia del\ngobierno de Oswaldo Garc\u00eda Jarqu\u00edn, el cual no realiz\u00f3 ninguna acci\u00f3n para\nimpedir el regreso de cientos de comerciantes en la v\u00eda p\u00fablica.<\/p>\n\n\n\n<p>Sin\nembargo, mantiene mayor vigilancia sobre el comercio local establecido que paga\nimpuestos al ayuntamiento.<\/p>\n\n\n\n<p>REINICIAN ACTIVIDADES<\/p>\n\n\n\n<figure class=\"wp-block-embed-twitter wp-block-embed is-type-rich is-provider-twitter\"><div class=\"wp-block-embed__wrapper\">\n<div class=\"twitter-tweet\"><blockquote class=\"twitter-tweet\" data-lang=\"es\"><p lang=\"es\" dir=\"ltr\"><a href=\"https:\/\/twitter.com\/hashtag\/%C3%9AltimoMinuto?src=hash&amp;ref_src=twsrc%5Etfw\">#\u00daltimoMinuto<\/a> <br>A\u00fan sin anuncio oficial, restauranteros de la ciudad de <a href=\"https:\/\/twitter.com\/hashtag\/Oaxaca?src=hash&amp;ref_src=twsrc%5Etfw\">#Oaxaca<\/a> ya se preparan desde este domingo para abrir sus establecimientos a partir de ma\u00f1ana, en que iniciar\u00eda la \u201cnueva normalidad\u201d. <a href=\"https:\/\/t.co\/c2kH3OixpZ\">pic.twitter.com\/c2kH3OixpZ<\/a><\/p>&mdash; Zona Roja Oaxaca (@MexRoja) <a href=\"https:\/\/twitter.com\/MexRoja\/status\/1279920402941251584?ref_src=twsrc%5Etfw\">5 de julio de 2020<\/a><\/blockquote><\/div>\n<\/div><\/figure>\n\n\n\n<p>En tanto,\nel pasado viernes el gobierno federal decret\u00f3 que Oaxaca pasa a sem\u00e1foro\nnaranja de riesgo de contagios por Covid-19, lo cual permitir\u00e1 el inicio de\nactividades no esenciales.<\/p>\n\n\n\n<p>Por ello,\ndesde este fin de semana, restaurantes y hoteles, as\u00ed como destinos de playas\nse preparan para abrir los negocios.<\/p>\n\n\n\n<p>Los\nrestaurantes y cafeter\u00edas operar\u00e1n al 50 por ciento de su capacidad, con\nestrictas medidas de sana distancia, mientras que los supermercados o centros\ncomerciales lo har\u00e1n al 75 por ciento de su capacidad.<\/p>\n\n\n\n<p>Los cines, museos, teatros e iglesias, podr\u00e1n reanudar actividades con el 25 por ciento de su actividad, mientras que se mantendr\u00e1n cerrados los bares y cantinas, centros nocturnos y eventos deportivos masivos, as\u00ed como las clases presenciales.<\/p>\n\n\n\n<figure class=\"wp-block-embed-twitter wp-block-embed is-type-rich is-provider-twitter\"><div class=\"wp-block-embed__wrapper\">\n<div class=\"twitter-tweet\"><blockquote class=\"twitter-tweet\" data-lang=\"es\"><p lang=\"es\" dir=\"ltr\">(2) Y los comerciantes ambulantes regresaron con m\u00e1s fuerza a las calles, pese al alto n\u00famero de contagios por Covid-19 en <a href=\"https:\/\/twitter.com\/hashtag\/Oaxaca?src=hash&amp;ref_src=twsrc%5Etfw\">#Oaxaca<\/a> y particularmente en la capital. <br>Incluso ya invaden m\u00e1s calles, en el inicio de la segunda de Las Casas, donde ya hay nuevos puestos. <a href=\"https:\/\/t.co\/XQwdfaVljy\">pic.twitter.com\/XQwdfaVljy<\/a><\/p>&mdash; Zona Roja Oaxaca (@MexRoja) <a href=\"https:\/\/twitter.com\/MexRoja\/status\/1279129381735206920?ref_src=twsrc%5Etfw\">3 de julio de 2020<\/a><\/blockquote><\/div>\n<\/div><\/figure>\n\n\n\n<p>TUXTEPEC\nIGUAL<\/p>\n\n\n\n<p>Por otro\nlado, San Juan Bautista Tuxtepec, pese a mantenerse Oaxaca en sem\u00e1foro rojo, el\ncomercio informal regres\u00f3 de manera masiva a las calles desde el pasado 18 de\njunio luego de dos meses de su retiro a manera de alianza con las medidas de\nseguridad.<\/p>\n\n\n\n<p>Caso\ncontrario a la disputa entre elementos de la Polic\u00eda Municipal y comerciantes\ndurante el operativo del gobierno municipal para su retiro, en esta ocasi\u00f3n no\nse implement\u00f3 ning\u00fan operativo para unos mil vendedores que volvieron a invadir\nlas calles.<\/p>\n","protected":false},"excerpt":{"rendered":"<p>Yuridiana Sosa\/Zona Roja. Oaxaca de Ju\u00e1rez, Oax., 5 de julio 2020.- Pese a ser uno&hellip;<\/p>\n","protected":false},"author":2,"featured_media":14665,"comment_status":"closed","ping_status":"open","sticky":false,"template":"","format":"standard","meta":{"_lmt_disableupdate":"","_lmt_disable":"","_jetpack_memberships_contains_paid_content":false,"footnotes":""},"categories":[109,47],"tags":[1512],"class_list":["post-14664","post","type-post","status-publish","format-standard","has-post-thumbnail","hentry","category-minuto-a-minuto","category-zona-gris","tag-coronavirus-oaxaca"],"jetpack_featured_media_url":"https:\/\/zonaroja.com.mx\/wp-content\/uploads\/2020\/07\/Ambulantes-Oaxaca.png","jetpack_sharing_enabled":true,"_links":{"self":[{"href":"https:\/\/zonaroja.com.mx\/index.php?rest_route=\/wp\/v2\/posts\/14664","targetHints":{"allow":["GET"]}}],"collection":[{"href":"https:\/\/zonaroja.com.mx\/index.php?rest_route=\/wp\/v2\/posts"}],"about":[{"href":"https:\/\/zonaroja.com.mx\/index.php?rest_route=\/wp\/v2\/types\/post"}],"author":[{"embeddable":true,"href":"https:\/\/zonaroja.com.mx\/index.php?rest_route=\/wp\/v2\/users\/2"}],"replies":[{"embeddable":true,"href":"https:\/\/zonaroja.com.mx\/index.php?rest_route=%2Fwp%2Fv2%2Fcomments&post=14664"}],"version-history":[{"count":1,"href":"https:\/\/zonaroja.com.mx\/index.php?rest_route=\/wp\/v2\/posts\/14664\/revisions"}],"predecessor-version":[{"id":14666,"href":"https:\/\/zonaroja.com.mx\/index.php?rest_route=\/wp\/v2\/posts\/14664\/revisions\/14666"}],"wp:featuredmedia":[{"embeddable":true,"href":"https:\/\/zonaroja.com.mx\/index.php?rest_route=\/wp\/v2\/media\/14665"}],"wp:attachment":[{"href":"https:\/\/zonaroja.com.mx\/index.php?rest_route=%2Fwp%2Fv2%2Fmedia&parent=14664"}],"wp:term":[{"taxonomy":"category","embeddable":true,"href":"https:\/\/zonaroja.com.mx\/index.php?rest_route=%2Fwp%2Fv2%2Fcategories&post=14664"},{"taxonomy":"post_tag","embeddable":true,"href":"https:\/\/zonaroja.com.mx\/index.php?rest_route=%2Fwp%2Fv2%2Ftags&post=14664"}],"curies":[{"name":"wp","href":"https:\/\/api.w.org\/{rel}","templated":true}]}}