{"id":14667,"date":"2020-07-05T22:10:29","date_gmt":"2020-07-06T03:10:29","guid":{"rendered":"http:\/\/www.zonaroja.com.mx\/?p=14667"},"modified":"2020-07-05T22:10:32","modified_gmt":"2020-07-06T03:10:32","slug":"en-vispera-de-nueva-normalidad-oaxaca-registra-324-contagios","status":"publish","type":"post","link":"https:\/\/zonaroja.com.mx\/?p=14667","title":{"rendered":"En v\u00edspera de \u201cnueva normalidad\u201d, Oaxaca registra 324 contagios"},"content":{"rendered":"\n<p>Redacci\u00f3n\/Zona\nRoja.<\/p>\n\n\n\n<p>Oaxaca de\nJu\u00e1rez, Oax., 5 de julio de 2020.- A unas horas que inicie la \u201cnueva normalidad\u201d\ny con ello la apertura gradual de establecimientos comerciales no esenciales,\nOaxaca registr\u00f3 323 nuevos casos de Covid-19, una de las cifras m\u00e1s altas a lo\nlargo de casi cuatro meses de pandemia en la entidad.<\/p>\n\n\n\n<p>En un\ncomunicado, el titular de los Servicios de Salud de Oaxaca, (SSO) Donato Casas\nEscamilla, inform\u00f3 que al corte de este domingo 5 de julio, se han registrado\nseis mil 451 casos acumulados de Covid-19.<\/p>\n\n\n\n<p>A\u00f1adi\u00f3\nque se han notificado 10 mil 827 casos, de los cuales tres mil 363 han sido\nnegativos, mil 013 se mantienen como sospechosos en espera de resultados por\nlaboratorio, cinco mil 174 se han recuperado y el d\u00eda de hoy se registraron\nsiete defunciones m\u00e1s, con lo que suman 637 en la entidad.<\/p>\n\n\n\n<p>Se\u00f1al\u00f3\nque aunque el Gobierno de M\u00e9xico nos ubica en sem\u00e1foro naranja, esto no\nsignifica que bajemos la guardia, o relajemos las medidas sanitarias, sino que\nal contrario debemos continuar con las acciones de prevenci\u00f3n como el uso de\ncubrebocas, aplicar la sana distancia en centros comerciales, bancos o lugares\np\u00fablicos y lavarse las manos con agua y jab\u00f3n o usar gel en alcohol al 70%, y\nsi es posible, quedarnos en casa.<\/p>\n\n\n\n<p>Casas Escamilla dijo que a pesar de que la entidad se encuentre el d\u00eda de hoy con el 48.3% de porcentaje de ocupaci\u00f3n hospitalaria, no debemos confiarnos, por lo que exhort\u00f3 a las autoridades de los 570 municipios y a la poblaci\u00f3n a no realizar fiestas o reuniones para evitar la propagaci\u00f3n del coronavirus.<\/p>\n\n\n\n<figure class=\"wp-block-image\"><img decoding=\"async\" width=\"1024\" height=\"574\" src=\"http:\/\/www.zonaroja.com.mx\/wp-content\/uploads\/2020\/07\/GR\u00c1FICA-01-1024x574.jpg\" alt=\"\" class=\"wp-image-14669\" srcset=\"https:\/\/zonaroja.com.mx\/wp-content\/uploads\/2020\/07\/GR\u00c1FICA-01-1024x574.jpg 1024w, https:\/\/zonaroja.com.mx\/wp-content\/uploads\/2020\/07\/GR\u00c1FICA-01-300x168.jpg 300w, https:\/\/zonaroja.com.mx\/wp-content\/uploads\/2020\/07\/GR\u00c1FICA-01-768x431.jpg 768w, https:\/\/zonaroja.com.mx\/wp-content\/uploads\/2020\/07\/GR\u00c1FICA-01-1170x656.jpg 1170w, https:\/\/zonaroja.com.mx\/wp-content\/uploads\/2020\/07\/GR\u00c1FICA-01-585x328.jpg 585w, https:\/\/zonaroja.com.mx\/wp-content\/uploads\/2020\/07\/GR\u00c1FICA-01.jpg 1280w\" sizes=\"(max-width: 1024px) 100vw, 1024px\" \/><\/figure>\n\n\n\n<p>Detall\u00f3\nque la Jurisdicci\u00f3n Sanitaria n\u00famero uno Valles Centrales, presenta cuatro mil\n305 casos y 358 decesos, Tuxtepec 925 y 133 decesos, el Istmo 478 y 66 decesos,\nMixteca 363 y 34 decesos, Costa 244 y 25 decesos y la Sierra 136 y 21 decesos.<\/p>\n\n\n\n<p>Inform\u00f3\nque los 323 casos nuevos se encuentran distribuidos en 56 municipios, siendo\nlos que mayor n\u00famero de casos presentan el de San Juan Bautista Tuxtepec con\n86, Oaxaca de Ju\u00e1rez con 64, Santa Cruz Xoxocotl\u00e1n con 20, Huajuapan de Le\u00f3n\ncon 17, Santa Luc\u00eda del Camino con nueve, Cosolapa con ocho, Salina Cruz, Villa\nde Zaachila y Loma Bonita con siete cada uno, Santo Domingo Tehuantepec con\nseis, y los 46 restantes cinco, cuatro, tres, dos y uno.<\/p>\n\n\n\n<p>Mencion\u00f3\nque la entidad registra el 48.3% de camas ocupadas a nivel global, la ocupaci\u00f3n\nde los SSO es de 36.7%, el HRAEO 57.1%, el Hospital de la Ni\u00f1ez Oaxaque\u00f1a\n16.7%, Sedena 26.3%, ISSSTE 42.9%, IMSS r\u00e9gimen ordinario 79.7%, IMSS Bienestar\n18.8%, Pemex 84.6% y Semar 100%.<\/p>\n","protected":false},"excerpt":{"rendered":"<p>Redacci\u00f3n\/Zona Roja. Oaxaca de Ju\u00e1rez, Oax., 5 de julio de 2020.- A unas horas que&hellip;<\/p>\n","protected":false},"author":2,"featured_media":14668,"comment_status":"closed","ping_status":"open","sticky":false,"template":"","format":"standard","meta":{"_lmt_disableupdate":"","_lmt_disable":"","_jetpack_memberships_contains_paid_content":false,"footnotes":""},"categories":[109,47],"tags":[1512],"class_list":["post-14667","post","type-post","status-publish","format-standard","has-post-thumbnail","hentry","category-minuto-a-minuto","category-zona-gris","tag-coronavirus-oaxaca"],"jetpack_featured_media_url":"https:\/\/zonaroja.com.mx\/wp-content\/uploads\/2020\/07\/GR\u00c1FICA-02.jpg","jetpack_sharing_enabled":true,"_links":{"self":[{"href":"https:\/\/zonaroja.com.mx\/index.php?rest_route=\/wp\/v2\/posts\/14667","targetHints":{"allow":["GET"]}}],"collection":[{"href":"https:\/\/zonaroja.com.mx\/index.php?rest_route=\/wp\/v2\/posts"}],"about":[{"href":"https:\/\/zonaroja.com.mx\/index.php?rest_route=\/wp\/v2\/types\/post"}],"author":[{"embeddable":true,"href":"https:\/\/zonaroja.com.mx\/index.php?rest_route=\/wp\/v2\/users\/2"}],"replies":[{"embeddable":true,"href":"https:\/\/zonaroja.com.mx\/index.php?rest_route=%2Fwp%2Fv2%2Fcomments&post=14667"}],"version-history":[{"count":1,"href":"https:\/\/zonaroja.com.mx\/index.php?rest_route=\/wp\/v2\/posts\/14667\/revisions"}],"predecessor-version":[{"id":14670,"href":"https:\/\/zonaroja.com.mx\/index.php?rest_route=\/wp\/v2\/posts\/14667\/revisions\/14670"}],"wp:featuredmedia":[{"embeddable":true,"href":"https:\/\/zonaroja.com.mx\/index.php?rest_route=\/wp\/v2\/media\/14668"}],"wp:attachment":[{"href":"https:\/\/zonaroja.com.mx\/index.php?rest_route=%2Fwp%2Fv2%2Fmedia&parent=14667"}],"wp:term":[{"taxonomy":"category","embeddable":true,"href":"https:\/\/zonaroja.com.mx\/index.php?rest_route=%2Fwp%2Fv2%2Fcategories&post=14667"},{"taxonomy":"post_tag","embeddable":true,"href":"https:\/\/zonaroja.com.mx\/index.php?rest_route=%2Fwp%2Fv2%2Ftags&post=14667"}],"curies":[{"name":"wp","href":"https:\/\/api.w.org\/{rel}","templated":true}]}}