{"id":14671,"date":"2020-07-06T06:50:35","date_gmt":"2020-07-06T11:50:35","guid":{"rendered":"http:\/\/www.zonaroja.com.mx\/?p=14671"},"modified":"2020-07-06T06:50:38","modified_gmt":"2020-07-06T11:50:38","slug":"recula-gobierno-de-oaxaca-de-juarez-y-entra-a-nueva-normalidad","status":"publish","type":"post","link":"https:\/\/zonaroja.com.mx\/?p=14671","title":{"rendered":"Recula gobierno de Oaxaca de Ju\u00e1rez y entra a \u201cnueva normalidad\u201d"},"content":{"rendered":"\n<p>Redacci\u00f3n\/Zona\nRoja.<\/p>\n\n\n\n<p>Oaxaca de\nJu\u00e1rez, Oax., 6 de julio de 2020.- Ante el inicio del sem\u00e1foro epidemiol\u00f3gico\nesta semana, el Cabildo de Oaxaca de Ju\u00e1rez recul\u00f3 y determin\u00f3 iniciar este\nlunes la \u201cnueva normalidad\u201d.<\/p>\n\n\n\n<p>En la\nanterior sesi\u00f3n, hab\u00eda acordado ampliar hasta el 15 de julio la suspensi\u00f3n de\nactividades no esenciales.<\/p>\n\n\n\n<p>En un\ncomunicado, el ayuntamiento inform\u00f3 que el Cabildo capitalino aval\u00f3, en sesi\u00f3n\nordinaria celebrada este domingo por la noche, la reapertura de las actividades\ncomerciales en el municipio, a partir de este 6 de julio.<\/p>\n\n\n\n<p>Ello, \u201ccon\nla aplicaci\u00f3n de reglas sanitarias estrictas y en cabal apego a lineamientos\nt\u00e9cnicos, luego de que el Gobierno de M\u00e9xico informara que el sem\u00e1foro de\nriesgo epidemiol\u00f3gico para el estado de Oaxaca cambi\u00f3 de rojo a naranja.<\/p>\n\n\n\n<p>\u201cLa\nsemaforizaci\u00f3n naranja, sin embargo, no debe interpretarse como autorizaci\u00f3n\npara retomar todo tipo de actividades como se efectuaban antes de la pandemia.\nLa autoridad sanitaria federal sostiene que este estatus en el sem\u00e1foro sigue\nimplicando un alto riesgo de contagio de Covid-19.<\/p>\n\n\n\n<p>El\nCabildo de la ciudad autoriz\u00f3, adem\u00e1s, la reanudaci\u00f3n de actividades en las\ndependencias de la administraci\u00f3n p\u00fablica municipal cuyas labores quedaron\nparcialmente suspendidas, en raz\u00f3n de la emergencia sanitaria.<\/p>\n\n\n\n<p>En el\npunto de acuerdo se establece que deber\u00e1n ser de observancia obligatoria, para\ntodos los servidores p\u00fablicos municipales, los lineamientos para el retorno a\nlas \u00e1reas de trabajo del gobierno municipal.<\/p>\n\n\n\n<p>Asimismo,\npara salvaguardar la integridad del personal que labora en las concejal\u00edas del\nayuntamiento, se expide el Protocolo de retorno a las \u00e1reas de trabajo de las\nsindicaturas y regidur\u00edas, a efecto de que este instrumento sirva como gu\u00eda\npara determinar de manera particular y de acuerdo a las condiciones de cada\nintegrante del Ayuntamiento, la reanudaci\u00f3n de sus actividades.<\/p>\n\n\n\n<p>Los\nconcejales aprobaron, tambi\u00e9n, continuar celebrando las sesiones de Cabildo de\nmanera virtual, toda vez que las condiciones a\u00fan no son favorables para\ncelebrarlas de forma presencial, de acuerdo a la semaforizaci\u00f3n por regiones.<\/p>\n","protected":false},"excerpt":{"rendered":"<p>Redacci\u00f3n\/Zona Roja. Oaxaca de Ju\u00e1rez, Oax., 6 de julio de 2020.- Ante el inicio del&hellip;<\/p>\n","protected":false},"author":2,"featured_media":11596,"comment_status":"closed","ping_status":"open","sticky":false,"template":"","format":"standard","meta":{"_lmt_disableupdate":"","_lmt_disable":"","_jetpack_memberships_contains_paid_content":false,"footnotes":""},"categories":[109,47],"tags":[1512],"class_list":["post-14671","post","type-post","status-publish","format-standard","has-post-thumbnail","hentry","category-minuto-a-minuto","category-zona-gris","tag-coronavirus-oaxaca"],"jetpack_featured_media_url":"https:\/\/zonaroja.com.mx\/wp-content\/uploads\/2020\/04\/Oaxaca-de-Ju\u00e1rez-1.png","jetpack_sharing_enabled":true,"_links":{"self":[{"href":"https:\/\/zonaroja.com.mx\/index.php?rest_route=\/wp\/v2\/posts\/14671","targetHints":{"allow":["GET"]}}],"collection":[{"href":"https:\/\/zonaroja.com.mx\/index.php?rest_route=\/wp\/v2\/posts"}],"about":[{"href":"https:\/\/zonaroja.com.mx\/index.php?rest_route=\/wp\/v2\/types\/post"}],"author":[{"embeddable":true,"href":"https:\/\/zonaroja.com.mx\/index.php?rest_route=\/wp\/v2\/users\/2"}],"replies":[{"embeddable":true,"href":"https:\/\/zonaroja.com.mx\/index.php?rest_route=%2Fwp%2Fv2%2Fcomments&post=14671"}],"version-history":[{"count":1,"href":"https:\/\/zonaroja.com.mx\/index.php?rest_route=\/wp\/v2\/posts\/14671\/revisions"}],"predecessor-version":[{"id":14672,"href":"https:\/\/zonaroja.com.mx\/index.php?rest_route=\/wp\/v2\/posts\/14671\/revisions\/14672"}],"wp:featuredmedia":[{"embeddable":true,"href":"https:\/\/zonaroja.com.mx\/index.php?rest_route=\/wp\/v2\/media\/11596"}],"wp:attachment":[{"href":"https:\/\/zonaroja.com.mx\/index.php?rest_route=%2Fwp%2Fv2%2Fmedia&parent=14671"}],"wp:term":[{"taxonomy":"category","embeddable":true,"href":"https:\/\/zonaroja.com.mx\/index.php?rest_route=%2Fwp%2Fv2%2Fcategories&post=14671"},{"taxonomy":"post_tag","embeddable":true,"href":"https:\/\/zonaroja.com.mx\/index.php?rest_route=%2Fwp%2Fv2%2Ftags&post=14671"}],"curies":[{"name":"wp","href":"https:\/\/api.w.org\/{rel}","templated":true}]}}