{"id":14675,"date":"2020-07-06T08:52:11","date_gmt":"2020-07-06T13:52:11","guid":{"rendered":"http:\/\/www.zonaroja.com.mx\/?p=14675"},"modified":"2020-07-06T08:52:13","modified_gmt":"2020-07-06T13:52:13","slug":"matan-a-otra-persona-ahora-en-san-pedro-pochutla","status":"publish","type":"post","link":"https:\/\/zonaroja.com.mx\/?p=14675","title":{"rendered":"Matan a otra persona, ahora en San Pedro Pochutla"},"content":{"rendered":"\n<p>Redacci\u00f3n\/Zona\nRoja.<\/p>\n\n\n\n<p>Oaxaca de\nJu\u00e1rez, Oax., 6 de julio de 2020.- Una tercera persona perdi\u00f3 la vida este\ndomingo en Oaxaca, en esta ocasi\u00f3n, en San Pedro Pochutla. Adem\u00e1s, otro individuo\nmuri\u00f3 la tarde de ayer en la Central de Abasto, hasta ahora por causas\ndesconocidas.<\/p>\n\n\n\n<p>En\ninmediaciones de San Jos\u00e9 Chacalapa, Pochutla, fue ultimado a balazos un\nindividuo en el interior de su camioneta, marca Nissan, tipo NP 300.<\/p>\n\n\n\n<p>Presuntamente\nse trata de un ex trabajador del \u00e1rea de Paludismo de la Secretar\u00eda de Salud y\nde manera preliminar fue identificada como Eduardo.<\/p>\n\n\n\n<p>Por otra\nparte, ayer perdi\u00f3 la vida una persona del sexo masculino, en inmediaciones de\nla Central de Abasto de la ciudad de Oaxaca.<\/p>\n\n\n\n<p>Preliminarmente\nse inform\u00f3 que se trata de Ra\u00fal J. D., de aproximadamente 51 a\u00f1os de edad, con\ndomicilio en la colonia Estrella de la capital.<\/p>\n\n\n\n<p>Como se\ninform\u00f3, ayer fue ejecutada a balazos una persona en Juchit\u00e1n de Zaragoza,\nmientras que en las riberas del r\u00edo \u201cAtoyac\u201d, jurisdicci\u00f3n de San Agust\u00edn de\nlas Juntas, fue hallada otra persona sin vida.<\/p>\n\n\n\n<p>MUERTOS POR\nACCIDENTE<\/p>\n\n\n\n<p>Tambi\u00e9n\neste domingo ocurrieron dos accidentes fatales, en comunidades del distrito de\nEtla.<\/p>\n\n\n\n<p>El primer\ncaso ocurri\u00f3 en la vialidad a Jalapa del Valle, del municipio de San Felipe\nTejal\u00e1pam, donde volc\u00f3 una camioneta a un barranco&nbsp; y falleci\u00f3 el conductor, identificado como\nSantos Aar\u00f3n, de 33 a\u00f1os de edad, con domicilio en Santa Mar\u00eda Atzompa.<\/p>\n\n\n\n<p>Otro\naccidente se registr\u00f3 en la carretera a Santa Mar\u00eda Pe\u00f1oles, Etla, a la altura del\nparaje \u201cCa\u00f1ada de Hielo\u201d, donde volc\u00f3 una camioneta, cuyo saldo fue de dos\npersonas fallecidas en el lugar y una m\u00e1s en el Hospital Civil de la ciudad de\nOaxaca.<\/p>\n\n\n\n<p>En ambos\ncasos no se ha determinado las causas de los percances.<\/p>\n","protected":false},"excerpt":{"rendered":"<p>Redacci\u00f3n\/Zona Roja. Oaxaca de Ju\u00e1rez, Oax., 6 de julio de 2020.- Una tercera persona perdi\u00f3&hellip;<\/p>\n","protected":false},"author":2,"featured_media":13196,"comment_status":"closed","ping_status":"open","sticky":false,"template":"","format":"standard","meta":{"_lmt_disableupdate":"","_lmt_disable":"","_jetpack_memberships_contains_paid_content":false,"footnotes":""},"categories":[109,51],"tags":[151],"class_list":["post-14675","post","type-post","status-publish","format-standard","has-post-thumbnail","hentry","category-minuto-a-minuto","category-zona-roja","tag-san-pedro-pochutla"],"jetpack_featured_media_url":"https:\/\/zonaroja.com.mx\/wp-content\/uploads\/2020\/06\/IMG_7822.jpg","jetpack_sharing_enabled":true,"_links":{"self":[{"href":"https:\/\/zonaroja.com.mx\/index.php?rest_route=\/wp\/v2\/posts\/14675","targetHints":{"allow":["GET"]}}],"collection":[{"href":"https:\/\/zonaroja.com.mx\/index.php?rest_route=\/wp\/v2\/posts"}],"about":[{"href":"https:\/\/zonaroja.com.mx\/index.php?rest_route=\/wp\/v2\/types\/post"}],"author":[{"embeddable":true,"href":"https:\/\/zonaroja.com.mx\/index.php?rest_route=\/wp\/v2\/users\/2"}],"replies":[{"embeddable":true,"href":"https:\/\/zonaroja.com.mx\/index.php?rest_route=%2Fwp%2Fv2%2Fcomments&post=14675"}],"version-history":[{"count":1,"href":"https:\/\/zonaroja.com.mx\/index.php?rest_route=\/wp\/v2\/posts\/14675\/revisions"}],"predecessor-version":[{"id":14676,"href":"https:\/\/zonaroja.com.mx\/index.php?rest_route=\/wp\/v2\/posts\/14675\/revisions\/14676"}],"wp:featuredmedia":[{"embeddable":true,"href":"https:\/\/zonaroja.com.mx\/index.php?rest_route=\/wp\/v2\/media\/13196"}],"wp:attachment":[{"href":"https:\/\/zonaroja.com.mx\/index.php?rest_route=%2Fwp%2Fv2%2Fmedia&parent=14675"}],"wp:term":[{"taxonomy":"category","embeddable":true,"href":"https:\/\/zonaroja.com.mx\/index.php?rest_route=%2Fwp%2Fv2%2Fcategories&post=14675"},{"taxonomy":"post_tag","embeddable":true,"href":"https:\/\/zonaroja.com.mx\/index.php?rest_route=%2Fwp%2Fv2%2Ftags&post=14675"}],"curies":[{"name":"wp","href":"https:\/\/api.w.org\/{rel}","templated":true}]}}