{"id":14683,"date":"2020-07-06T10:23:07","date_gmt":"2020-07-06T15:23:07","guid":{"rendered":"http:\/\/www.zonaroja.com.mx\/?p=14683"},"modified":"2020-07-06T10:23:11","modified_gmt":"2020-07-06T15:23:11","slug":"en-pleno-regreso-a-la-nueva-normalidad-entran-en-cuarentena-juzgados","status":"publish","type":"post","link":"https:\/\/zonaroja.com.mx\/?p=14683","title":{"rendered":"En pleno regreso a la \u201cnueva normalidad\u201d, entran en cuarentena juzgados"},"content":{"rendered":"\n<p>Evlin\nArag\u00f3n\/Zona Roja.<\/p>\n\n\n\n<p>Oaxaca de\nJu\u00e1rez, Oax., 6 de julio de 2020.- En pleno regreso paulatino a la \u201cnueva\nnormalidad\u201d, ante el paso de sem\u00e1foro rojo a naranja en la entidad, los\ncontagio por Covid-19 van al alza, prueba de ello la cuarentena obligada del\npersonal de los juzgados familiares zona centro del Poder Judicial de Oaxaca.<\/p>\n\n\n\n<p>&nbsp;As\u00ed se inform\u00f3 en un documento, en el cual se\nrefiere la notificaci\u00f3n de resultado positivo al virus SARS-CoV2 por parte del\npersonal adscrito al Juzgado Segundo Familiar del Distrito Judicial del Centro,\nen el barrio Ex Marquesado dela capital, por lo que se declar\u00f3 la cuarentena y\nel acompa\u00f1amiento m\u00e9dico v\u00eda telef\u00f3nica.<\/p>\n\n\n\n<p>\u201cTodo\npersonal adscrito al Juzgado Segundo Familiar del Distrito Judicial del Centro\ndeber\u00e1 permanecer en cuarentena, y continuar con el acompa\u00f1amiento m\u00e9dico v\u00eda\ntelef\u00f3nica de la doctora Lemaent Ena D\u00edaz Garc\u00eda, para que en caso necesario\nsean canalizados para su atenci\u00f3n m\u00e9dica\u201d, refiere el oficio fechado desde el\nviernes 3 de julio y firmado por Jes\u00fas Ezequiel Garc\u00eda L\u00f3pez, secretario\nejecutivo del Consejo de la Judicatura del Poder Judicial del Estado<\/p>\n\n\n\n<p>Aunque no\nespecifica el n\u00famero de personas con diagn\u00f3stico positivo, quedaron suspendidas\nen su totalidad las labores al interior de los juzgados ubicados en el edificio\nen la zona poniente del centro de la ciudad, durante esta semana y se ir\u00e1\nevaluando el regreso de forma paulatina, lo anterior con la intenci\u00f3n de\nprivilegiar y garantizar el derecho a la salud de la sociedad, se han<\/p>\n\n\n\n<p>\u201cCon el\nobjetivo de privilegiar y garantizar el derecho a la salud de la sociedad, de\nlas partes y de los servidores judiciales, se suspende del 6 al 10 de julio del\na\u00f1o en curso, la reanudaci\u00f3n gradual, prevista en el Acuerdo General Conjunto\n9\/2020, del Pleno del Tribunal Superior de Justicia y del Consejo de la\nJudicatura del Poder Judicial del Estado\u201d, puntualiza el documento.<\/p>\n\n\n\n<p>A unas\nhoras que iniciara la \u201cnueva normalidad\u201d y con ello la apertura gradual de\nestablecimientos comerciales no esenciales, Oaxaca registr\u00f3 323 nuevos casos de\nCovid-19, una de las cifras m\u00e1s altas a lo largo de casi cuatro meses de\npandemia en la entidad, de acuerdo con la informaci\u00f3n de los Servicios de Salud\nde Oaxaca.<\/p>\n\n\n\n<p>Mientras\nque los gobiernos estatal y municipal anunciaron el regreso paulatino a las\nactividades comerciales e iniciar este lunes 6 de julio la \u201cnueva normalidad\u201d,\nello con la aplicaci\u00f3n de reglas sanitarias estrictas, que no se han podido\ncumplir a cabalidad incluso en periodo de m\u00e1s \u00e1lgido de la emergencia en la\nentidad.<\/p>\n","protected":false},"excerpt":{"rendered":"<p>Evlin Arag\u00f3n\/Zona Roja. Oaxaca de Ju\u00e1rez, Oax., 6 de julio de 2020.- En pleno regreso&hellip;<\/p>\n","protected":false},"author":2,"featured_media":14684,"comment_status":"closed","ping_status":"open","sticky":false,"template":"","format":"standard","meta":{"_lmt_disableupdate":"","_lmt_disable":"","_jetpack_memberships_contains_paid_content":false,"footnotes":""},"categories":[109,47],"tags":[1512],"class_list":["post-14683","post","type-post","status-publish","format-standard","has-post-thumbnail","hentry","category-minuto-a-minuto","category-zona-gris","tag-coronavirus-oaxaca"],"jetpack_featured_media_url":"https:\/\/zonaroja.com.mx\/wp-content\/uploads\/2020\/07\/Juzgados-Poder-Judicial-centro.jpeg","jetpack_sharing_enabled":true,"_links":{"self":[{"href":"https:\/\/zonaroja.com.mx\/index.php?rest_route=\/wp\/v2\/posts\/14683","targetHints":{"allow":["GET"]}}],"collection":[{"href":"https:\/\/zonaroja.com.mx\/index.php?rest_route=\/wp\/v2\/posts"}],"about":[{"href":"https:\/\/zonaroja.com.mx\/index.php?rest_route=\/wp\/v2\/types\/post"}],"author":[{"embeddable":true,"href":"https:\/\/zonaroja.com.mx\/index.php?rest_route=\/wp\/v2\/users\/2"}],"replies":[{"embeddable":true,"href":"https:\/\/zonaroja.com.mx\/index.php?rest_route=%2Fwp%2Fv2%2Fcomments&post=14683"}],"version-history":[{"count":1,"href":"https:\/\/zonaroja.com.mx\/index.php?rest_route=\/wp\/v2\/posts\/14683\/revisions"}],"predecessor-version":[{"id":14685,"href":"https:\/\/zonaroja.com.mx\/index.php?rest_route=\/wp\/v2\/posts\/14683\/revisions\/14685"}],"wp:featuredmedia":[{"embeddable":true,"href":"https:\/\/zonaroja.com.mx\/index.php?rest_route=\/wp\/v2\/media\/14684"}],"wp:attachment":[{"href":"https:\/\/zonaroja.com.mx\/index.php?rest_route=%2Fwp%2Fv2%2Fmedia&parent=14683"}],"wp:term":[{"taxonomy":"category","embeddable":true,"href":"https:\/\/zonaroja.com.mx\/index.php?rest_route=%2Fwp%2Fv2%2Fcategories&post=14683"},{"taxonomy":"post_tag","embeddable":true,"href":"https:\/\/zonaroja.com.mx\/index.php?rest_route=%2Fwp%2Fv2%2Ftags&post=14683"}],"curies":[{"name":"wp","href":"https:\/\/api.w.org\/{rel}","templated":true}]}}