{"id":14686,"date":"2020-07-06T13:37:21","date_gmt":"2020-07-06T18:37:21","guid":{"rendered":"http:\/\/www.zonaroja.com.mx\/?p=14686"},"modified":"2020-07-06T13:37:24","modified_gmt":"2020-07-06T18:37:24","slug":"vaticina-arzobispo-caos-por-nueva-normalidad-emite-medidas-para-misas","status":"publish","type":"post","link":"https:\/\/zonaroja.com.mx\/?p=14686","title":{"rendered":"Vaticina Arzobispo caos por \u201cnueva normalidad\u201d; emite medidas para misas"},"content":{"rendered":"\n<p>Evlin\nArag\u00f3n\/Zona Roja.<\/p>\n\n\n\n<p>Oaxaca de\nJu\u00e1rez, Oax., 26 de julio de 2020.- El inicio de la \u201cnueva normalidad\u201d en\nOaxaca \u201cse va a volver un caos\u201d, consider\u00f3 el Arzobispo de Antequera Oaxaca,\nPedro V\u00e1squez Villalobos.<\/p>\n\n\n\n<p>En tanto,\nla Arquidi\u00f3cesis emiti\u00f3 medidas para las misas con la respectiva sana\ndistancia, por la pr\u00f3xima apertura de templos.<\/p>\n\n\n\n<p>Durante\nsu homil\u00eda de ayer transmitida por redes sociales, el Arzobispo consider\u00f3 que ante\nel inicio del sem\u00e1foro naranja este lunes, las medidas de sana distancia se\npodr\u00edan relajar y consecuencia aumentar los casos de coronavirus.<\/p>\n\n\n\n<p>\u201cNo nos\ndescuidemos: Si antes, cuanto est\u00e1bamos en el famoso sem\u00e1foro rojo, muchos de\nnosotros and\u00e1bamos para arriba y para abajo, ya me quiero imaginar que a partir\nde ma\u00f1ana (hoy) en el sem\u00e1foro naranja, esto se va a volver un caos\u201d.<\/p>\n\n\n\n<p>\u201cDe nosotros\ndepende que no nos vuelvan a encerrar, que no nos vuelvan a decir: \u2018A su casa\u2019,\n\u2018cierre este negocio, cierre aquel otro\u2019; \u2018cerramos el aeropuerto\u2019, \u2018cerramos\nla central de autobuses\u2019; \u2018nadie viene a Oaxaca porque esto no se puede\u2019. De\nnosotros depende que siga abierto esto\u201d, dijo.<\/p>\n\n\n\n<p>A\u00f1adi\u00f3: <\/p>\n\n\n\n<p>\u201cNo\nmiremos atr\u00e1s, vamos para adelante: vamos al amarillo, vamos al verde\u201d, dijo,\nal exhortar a la poblaci\u00f3n en general a no relajar las medidas sanitarias.<\/p>\n\n\n\n<p>INICIAN\nPREPARATIVOS<\/p>\n\n\n\n<p>Por otro\nlado, aunque no est\u00e1n considerada en la primera etapa del regreso paulatino a\nla \u201cnueva normalidad\u201d anunciado por las autoridades estatales, las iglesias en\nla entidad oaxaque\u00f1a se preparan para retomar sus actividades presenciales en\ncuanto sean notificadas por la autoridad competente.<\/p>\n\n\n\n<p>Por lo\nanterior el Arzobispo de Antequera Oaxaca, Pedro V\u00e1zquez Villalobos, urgi\u00f3\niniciar los trabajos de limpieza en cada una de las capilla e iglesias, la\ncuales arrancaran sus misas de manera presencial con un 25 por ciento de su\ncapacidad de acuerdo con los lineamientos emitidos a finales del mes de\nmayo.&nbsp; <\/p>\n\n\n\n<p>\u201cPrepar\u00e9monos\ncon la formaci\u00f3n y consolidaci\u00f3n de equipos debidamente protegidos para la\nrealizaci\u00f3n de la limpieza y la sanitizaci\u00f3n de nuestros espacios de culto\nreligioso, as\u00ed como la implementaci\u00f3n del alcohol o gel antibacterial en la\nentrada del templo\u201d, pidi\u00f3 a los sacerdotes, religiosas y pueblo de Dios.<\/p>\n\n\n\n<p>De\nacuerdo con las directrices para el retorno a la \u201cnueva normalidad\u201d ser\u00e1\nnecesaria la demarcaci\u00f3n de las sillas o bancas para mantener separados a las y\nlos feligreses, as\u00ed como poner se\u00f1alizaci\u00f3n en los pasillos para respetar el\ndistanciamiento social, as\u00ed como mantener buena ventilaci\u00f3n en el lugar.<\/p>\n\n\n\n<p>As\u00ed mismo,\nV\u00e1zquez Villalobos pide no llevar a la Eucarist\u00eda a menores de cinco a\u00f1os, con\nalguna enfermedad, o personas adultas, y utilizar equipo de protecci\u00f3n para la\ncomuni\u00f3n que se distribuye de mano en mano; y aunque manifest\u00f3 la precariedad\nde la econom\u00eda de la Iglesia en estos momentos, pidi\u00f3 buscar el respaldo de las\nautoridades para lograr la protecci\u00f3n, sanitizaci\u00f3n y limpieza de lo espacios.<\/p>\n\n\n\n<p>De\nacuerdo con los lineamientos para el regreso gradual a las misas con presencia\nde fieles, en la Arquidi\u00f3cesis de Antequera, Oaxaca, ser\u00e1 hasta que la\nautoridad federal y estatal en materia de salud lo determinen, que dar\u00e1n paso a\nla celebraci\u00f3n de misas de manera presencial las cuales ser\u00e1n con el uso de\ncubrebocas, caretas y dem\u00e1s equipo que impida el riesgo de contagio masivo del\nvirus.<\/p>\n\n\n\n<p>Omitir el\nsaludo de la paz con la mano y desechar las hojas dominicales son otras de las\nrecomendaciones emitidas, as\u00ed como invitar a las y los feligreses a ser\ncontagios sobre el riesgo existente a\u00fan, por lo que no es recomendable asistir\na misa si se encuentra enfermo de las v\u00edas respiratorias o con alg\u00fan s\u00edntoma de\nCovid-19.<\/p>\n\n\n\n<p>Finalmente,\nel documento refiere el uso, en la medida de las posibilidades, de un sensor de\ntemperatura para evitar la entrada de quienes presenten fiebre, as\u00ed como\ndeterminar bien los accesos y salidas para evitar aglomeraciones que pongan en\nriesgo de contagio a la comunidad oaxaque\u00f1a que este lunes inicia la transici\u00f3n\ndel confinamiento al regreso paulatino a las actividades cotidianas.<\/p>\n","protected":false},"excerpt":{"rendered":"<p>Evlin Arag\u00f3n\/Zona Roja. Oaxaca de Ju\u00e1rez, Oax., 26 de julio de 2020.- El inicio de&hellip;<\/p>\n","protected":false},"author":2,"featured_media":14687,"comment_status":"closed","ping_status":"open","sticky":false,"template":"","format":"standard","meta":{"_lmt_disableupdate":"","_lmt_disable":"","_jetpack_memberships_contains_paid_content":false,"footnotes":""},"categories":[109,47],"tags":[992],"class_list":["post-14686","post","type-post","status-publish","format-standard","has-post-thumbnail","hentry","category-minuto-a-minuto","category-zona-gris","tag-arzobispo-de-antequera-oaxaca"],"jetpack_featured_media_url":"https:\/\/zonaroja.com.mx\/wp-content\/uploads\/2020\/07\/Misa-iglesia.jpg","jetpack_sharing_enabled":true,"_links":{"self":[{"href":"https:\/\/zonaroja.com.mx\/index.php?rest_route=\/wp\/v2\/posts\/14686","targetHints":{"allow":["GET"]}}],"collection":[{"href":"https:\/\/zonaroja.com.mx\/index.php?rest_route=\/wp\/v2\/posts"}],"about":[{"href":"https:\/\/zonaroja.com.mx\/index.php?rest_route=\/wp\/v2\/types\/post"}],"author":[{"embeddable":true,"href":"https:\/\/zonaroja.com.mx\/index.php?rest_route=\/wp\/v2\/users\/2"}],"replies":[{"embeddable":true,"href":"https:\/\/zonaroja.com.mx\/index.php?rest_route=%2Fwp%2Fv2%2Fcomments&post=14686"}],"version-history":[{"count":1,"href":"https:\/\/zonaroja.com.mx\/index.php?rest_route=\/wp\/v2\/posts\/14686\/revisions"}],"predecessor-version":[{"id":14688,"href":"https:\/\/zonaroja.com.mx\/index.php?rest_route=\/wp\/v2\/posts\/14686\/revisions\/14688"}],"wp:featuredmedia":[{"embeddable":true,"href":"https:\/\/zonaroja.com.mx\/index.php?rest_route=\/wp\/v2\/media\/14687"}],"wp:attachment":[{"href":"https:\/\/zonaroja.com.mx\/index.php?rest_route=%2Fwp%2Fv2%2Fmedia&parent=14686"}],"wp:term":[{"taxonomy":"category","embeddable":true,"href":"https:\/\/zonaroja.com.mx\/index.php?rest_route=%2Fwp%2Fv2%2Fcategories&post=14686"},{"taxonomy":"post_tag","embeddable":true,"href":"https:\/\/zonaroja.com.mx\/index.php?rest_route=%2Fwp%2Fv2%2Ftags&post=14686"}],"curies":[{"name":"wp","href":"https:\/\/api.w.org\/{rel}","templated":true}]}}