{"id":14693,"date":"2020-07-06T15:23:04","date_gmt":"2020-07-06T20:23:04","guid":{"rendered":"http:\/\/www.zonaroja.com.mx\/?p=14693"},"modified":"2020-07-06T15:29:49","modified_gmt":"2020-07-06T20:29:49","slug":"semaforo-naranja-es-verde-para-la-poblacion-en-oaxaca","status":"publish","type":"post","link":"https:\/\/zonaroja.com.mx\/?p=14693","title":{"rendered":"Sem\u00e1foro naranja es \u201cverde\u201d para la poblaci\u00f3n en Oaxaca"},"content":{"rendered":"\n<p>Yuridiana\nSosa\/Zona Roja.<\/p>\n\n\n\n<p>Oaxaca de\nJu\u00e1rez, Oax., 6 de julio de 2020.- El coraz\u00f3n del Centro Hist\u00f3rico de la ciudad\nde Oaxaca vuelve a latir. Convaleciente de la contingencia vuelve, a dar\nse\u00f1ales de la movilidad implacable de la capital que a\u00fan ni en los picos m\u00e1s\naltos de la pandemia, se guard\u00f3.<\/p>\n\n\n\n<p>Las\ncintas de restricci\u00f3n de acceso para el z\u00f3calo y la Alameda de Le\u00f3n cayeron y\nel sonido de las cortinas met\u00e1licas en los establecimientos anunciaron desde\nprimera de este lunes el inicio de una \u201cnueva normalidad\u201d para la capital.<\/p>\n\n\n\n<p>Fue el supuesto cambio de color en el sem\u00e1foro epidemiol\u00f3gico para Oaxaca, de rojo a naranja, lo que impuls\u00f3 la movilidad, casi sin ninguna medida para continuar las actividades y evitar la propagaci\u00f3n del Covid-19.<\/p>\n\n\n\n<figure class=\"wp-block-embed-twitter wp-block-embed is-type-rich is-provider-twitter\"><div class=\"wp-block-embed__wrapper\">\n<div class=\"twitter-tweet\"><blockquote class=\"twitter-tweet\" data-lang=\"es\"><p lang=\"es\" dir=\"ltr\"><a href=\"https:\/\/twitter.com\/hashtag\/%C3%9AltimoMinuto?src=hash&amp;ref_src=twsrc%5Etfw\">#\u00daltimoMinuto<\/a> <br>Con el retiro de las cintas de acordonamiento al z\u00f3calo y la Alameda de Le\u00f3n, as\u00ed inicia hoy la \u201cnueva normalidad\u201d en la capital de <a href=\"https:\/\/twitter.com\/hashtag\/Oaxaca?src=hash&amp;ref_src=twsrc%5Etfw\">#Oaxaca<\/a>. <a href=\"https:\/\/t.co\/bzugYkFkZL\">pic.twitter.com\/bzugYkFkZL<\/a><\/p>&mdash; Zona Roja Oaxaca (@MexRoja) <a href=\"https:\/\/twitter.com\/MexRoja\/status\/1280172143603445760?ref_src=twsrc%5Etfw\">6 de julio de 2020<\/a><\/blockquote><\/div>\n<\/div><\/figure>\n\n\n\n<p>El\nanuncio de esta nueva fase, a pesar de 325 nuevos casos en 24 horas, mostr\u00f3 la\nimpaciencia y ansiedad de comerciantes, trabajadores y poblaci\u00f3n en general en\ncontinuar con sus actividades habituales, como antes de la pandemia.<\/p>\n\n\n\n<p>Con mil\n689 casos acumulados, 227 casos sospechosos, 134 defunciones y 123 pacientes\nactivos de Covid-19, la capital comienza su nueva normalidad, en la que todav\u00eda\nse muestran a algunos ciudadanos que transitan sin cubrebocas, sin respetar\nsana distancia y con actividades no permitidas activas.<\/p>\n\n\n\n<p>Es el\nprimer cuadro de la ciudad el que refleja la despreocupada circulaci\u00f3n de la\nciudadan\u00eda. <\/p>\n\n\n\n<p>En el z\u00f3calo, algunas zapater\u00edas y restaurantes de los portales alrededor de la plaza alzaron sus cortinas, as\u00ed como aseadores de calzado comenzaron su instalaci\u00f3n a la vista de la Polic\u00eda Estatal y Polic\u00eda Tur\u00edstica que ahora tienen la misi\u00f3n de llamar a la poblaci\u00f3n a no permanecer en las plazas.<\/p>\n\n\n\n<figure class=\"wp-block-embed-twitter wp-block-embed is-type-rich is-provider-twitter\"><div class=\"wp-block-embed__wrapper\">\n<div class=\"twitter-tweet\"><blockquote class=\"twitter-tweet\" data-lang=\"es\"><p lang=\"es\" dir=\"ltr\"><a href=\"https:\/\/twitter.com\/hashtag\/ENVIVO?src=hash&amp;ref_src=twsrc%5Etfw\">#ENVIVO<\/a><br>Oaxaca de Ju\u00e1rez, Oax., 6 de julio de 2020.- As\u00ed inicia la \u201cnueva normalidad\u201d en la capital oaxaque\u00f1a&#8230; pese a que contin\u00faa el alto n\u00famero de contagios por Covid-19.<br><br>Aqu\u00ed el enlace \ud83d\udc47<a href=\"https:\/\/t.co\/Qn1Zfqx3FQ\">https:\/\/t.co\/Qn1Zfqx3FQ<\/a> <a href=\"https:\/\/t.co\/VoYfeAH2p5\">pic.twitter.com\/VoYfeAH2p5<\/a><\/p>&mdash; Zona Roja Oaxaca (@MexRoja) <a href=\"https:\/\/twitter.com\/MexRoja\/status\/1280179430220984320?ref_src=twsrc%5Etfw\">6 de julio de 2020<\/a><\/blockquote><\/div>\n<\/div><\/figure>\n\n\n\n<p>Uno de\nlos restaurantes m\u00e1s populares trata de cumplir con lo establecido para la\nnueva normalidad. Apenas comenz\u00f3 actividades, los clientes llegaron.<\/p>\n\n\n\n<p>Meseros\ncon cubreboca, caretas y mesas distanciadas son una de las medidas sanitarias\nque los trabajadores llevan a cabo luego de cerca de dos meses de ausentarse de\nsus actividades.<\/p>\n\n\n\n<p>Sobre el\nz\u00f3calo, frente a Palacio de Gobierno, los puestos informales se reinstalan; el\nplant\u00f3n de desplazados triquis se reaviva; los vendedores ambulantes ya ocupan\nlas esquinas para acaparar a los transe\u00fantes.<\/p>\n\n\n\n<p>A esta\nsituaci\u00f3n se suman protestas, como actividades de la antigua normalidad, por\nparte del Frente Popular Revolucionario, y que contin\u00faan aglomerando a decenas\nde personas sin respetar las medidas sanitarias. <\/p>\n\n\n\n<p>Es la \u201cnueva\nnormalidad\u201d en plena pandemia con los \u00edndices m\u00e1s altos de contagio; los\ncapitalinos, el sem\u00e1foro naranja lo convirtieron en verde.<\/p>\n","protected":false},"excerpt":{"rendered":"<p>Yuridiana Sosa\/Zona Roja. Oaxaca de Ju\u00e1rez, Oax., 6 de julio de 2020.- El coraz\u00f3n del&hellip;<\/p>\n","protected":false},"author":2,"featured_media":14694,"comment_status":"closed","ping_status":"open","sticky":false,"template":"","format":"standard","meta":{"_lmt_disableupdate":"","_lmt_disable":"","_jetpack_memberships_contains_paid_content":false,"footnotes":""},"categories":[109,47],"tags":[1512],"class_list":["post-14693","post","type-post","status-publish","format-standard","has-post-thumbnail","hentry","category-minuto-a-minuto","category-zona-gris","tag-coronavirus-oaxaca"],"jetpack_featured_media_url":"https:\/\/zonaroja.com.mx\/wp-content\/uploads\/2020\/07\/Restaurantes-Oaxaca.png","jetpack_sharing_enabled":true,"_links":{"self":[{"href":"https:\/\/zonaroja.com.mx\/index.php?rest_route=\/wp\/v2\/posts\/14693","targetHints":{"allow":["GET"]}}],"collection":[{"href":"https:\/\/zonaroja.com.mx\/index.php?rest_route=\/wp\/v2\/posts"}],"about":[{"href":"https:\/\/zonaroja.com.mx\/index.php?rest_route=\/wp\/v2\/types\/post"}],"author":[{"embeddable":true,"href":"https:\/\/zonaroja.com.mx\/index.php?rest_route=\/wp\/v2\/users\/2"}],"replies":[{"embeddable":true,"href":"https:\/\/zonaroja.com.mx\/index.php?rest_route=%2Fwp%2Fv2%2Fcomments&post=14693"}],"version-history":[{"count":2,"href":"https:\/\/zonaroja.com.mx\/index.php?rest_route=\/wp\/v2\/posts\/14693\/revisions"}],"predecessor-version":[{"id":14697,"href":"https:\/\/zonaroja.com.mx\/index.php?rest_route=\/wp\/v2\/posts\/14693\/revisions\/14697"}],"wp:featuredmedia":[{"embeddable":true,"href":"https:\/\/zonaroja.com.mx\/index.php?rest_route=\/wp\/v2\/media\/14694"}],"wp:attachment":[{"href":"https:\/\/zonaroja.com.mx\/index.php?rest_route=%2Fwp%2Fv2%2Fmedia&parent=14693"}],"wp:term":[{"taxonomy":"category","embeddable":true,"href":"https:\/\/zonaroja.com.mx\/index.php?rest_route=%2Fwp%2Fv2%2Fcategories&post=14693"},{"taxonomy":"post_tag","embeddable":true,"href":"https:\/\/zonaroja.com.mx\/index.php?rest_route=%2Fwp%2Fv2%2Ftags&post=14693"}],"curies":[{"name":"wp","href":"https:\/\/api.w.org\/{rel}","templated":true}]}}