{"id":14701,"date":"2020-07-06T19:49:28","date_gmt":"2020-07-07T00:49:28","guid":{"rendered":"http:\/\/www.zonaroja.com.mx\/?p=14701"},"modified":"2020-07-06T19:49:30","modified_gmt":"2020-07-07T00:49:30","slug":"en-cuenca-ediles-de-valle-nacional-chiltepec-y-tuxtepec-en-cuarentena","status":"publish","type":"post","link":"https:\/\/zonaroja.com.mx\/?p=14701","title":{"rendered":"En Cuenca, ediles de Valle Nacional, Chiltepec y Tuxtepec en cuarentena"},"content":{"rendered":"\n<p>Yuridiana\nSosa\/Zona Roja.<\/p>\n\n\n\n<p>San Juan\nBautista Tuxtepec, Oax., 6 de junio de 2020.- En el transcurso de la pandemia,\nen la regi\u00f3n de la Cuenca, tres presidentes municipales se han aislado por\npadecer Covid-19, as\u00ed notificado por las propias autoridades municipales.<\/p>\n\n\n\n<p>Este\nlunes el edil de San Juan Bautista Valle Nacional, Reynaldo Maga\u00f1a Garc\u00eda,\ninform\u00f3 que dio positivo a Covid-19, motivo por el que continuar\u00e1 aislado junto\ncon toda su familia para evitar la propagaci\u00f3n de contagios.<\/p>\n\n\n\n<p>Hace m\u00e1s\nde una semana, el mun\u00edcipe de Morena tambi\u00e9n dio a conocer que hab\u00eda presentado\ns\u00edntomas relacionados a SARS-CoV-2, por lo que se hab\u00eda practicado la prueba\ncorrespondiente a trav\u00e9s de los Servicios de Salud de Oaxaca.<\/p>\n\n\n\n<p>\u201cEspero\npronto estar en condiciones para seguir atendiendo como ustedes se lo merecen.\nAun as\u00ed, estar\u00e9 al pendiente de lo que pueda por este medio\u201d, indic\u00f3 en su\ncuenta oficial de Facebook.<\/p>\n\n\n\n<p>De\nacuerdo al corte t\u00e9cnico diario de la Secretar\u00eda de Salud, Valle Nacional\ncontabiliza 15 casos confirmados y ninguna defunci\u00f3n relacionada a este virus.<\/p>\n\n\n\n<p>El edil\nde San Jos\u00e9 Chiltepec, Mart\u00edn Garc\u00eda Hern\u00e1ndez, tambi\u00e9n present\u00f3 s\u00edntomas de la\nenfermedad Covid-19 y comenz\u00f3 la fase del aislamiento en su domicilio, indic\u00f3\nel director de Salud, Roberto Ferrer Espinoza.<\/p>\n\n\n\n<p>San Jos\u00e9\nChiltepec registr\u00f3 el primer paciente de Covid-19 atendido por el Hospital\nRegional de Tuxtepec y dado de alta; en ese municipio se acumularon hasta el\ncorte de este 5 de julio 27 casos positivos y dos muertes por Covid-19.<\/p>\n\n\n\n<p>En tanto,\nel edil de San Juan Bautista Tuxtepec, Fernando Bautista D\u00e1vila, permanece en\ncuarentena desde la primera semana del mes de junio, cuando comenz\u00f3 con\ns\u00edntomas.<\/p>\n\n\n\n<p>El 16 de\njunio inform\u00f3 a la poblaci\u00f3n, a trav\u00e9s de una publicaci\u00f3n por escrito en su\ncuenta de Facebook, que se encontraba aislado por motivos de la enfermedad,\npero desde ese entonces no ha vuelto a informar de manera personal sobre su\nestado de salud.<\/p>\n\n\n\n<p>De forma\nextraoficial, por fuentes al interior del ayuntamiento, se dio a conocer que\npresent\u00f3 complicaciones de gravedad y fue internado en una cl\u00ednica privada en\nel puerto de Veracruz.<\/p>\n\n\n\n<p>Posteriormente,\nante los rumores de su fallecimiento durante la semana pasada, el gobierno\nmunicipal public\u00f3 en Facebook la falsedad de esa noticia y que el edil se\nencontraba en su casa manteniendo reposo y mejorando de salud.<\/p>\n\n\n\n<p>Tuxtepec\nes el municipio con el mayor n\u00famero de casos confirmados y defunciones en la\nregi\u00f3n Cuenca, al acumular 733 casos y 107 defunciones, de las 133 muertes por\nCovid en la zona.<\/p>\n\n\n\n<p>La Cuenca\nes atendida por la Jurisdicci\u00f3n Sanitaria n\u00famero 03 de los Servicios de Salud\nde Oaxaca, donde el municipio de Loma Bonita registra 30 casos positivos y tres\ndefunciones, seg\u00fan datos oficiales, pero esas cifras no coinciden por las\nofrecidas por la autoridad municipal.<\/p>\n\n\n\n<p>LOMA,\nGRAVE<\/p>\n\n\n\n<p>El\npresidente de Loma Bonita, Raymundo Rivera, dio a conocer que en el transcurso\nde unos cinco d\u00edas el municipio ha registrado al menos 22 defunciones de\npersonas que presentaron s\u00edntomas relacionados a SARS-CoV-2.<\/p>\n\n\n\n<p>La\ndiferencia, dijo, se debe a que la mayor\u00eda de esas personas no acudieron a los\nservicios m\u00e9dicos y fallecieron en sus casas.<\/p>\n\n\n\n<p>Por el\nalto incremento, el ayuntamiento de Loma Bonita orden\u00f3 el cierre de todos los\nnegocios de comida, ley seca y sanciones para los que no respeten las medidas\nque se establecieron. Adem\u00e1s, inici\u00f3 la construcci\u00f3n de un nuevo pante\u00f3n, para\nalbergar al alto n\u00famero de cad\u00e1veres.<\/p>\n\n\n\n<p>La regi\u00f3n\nCuenca acumula 925 casos positivos, 185 sospechosos y 133 defunciones hasta el\ncorte t\u00e9cnico diario de SSO de este 5 de julio.<\/p>\n","protected":false},"excerpt":{"rendered":"<p>Yuridiana Sosa\/Zona Roja. San Juan Bautista Tuxtepec, Oax., 6 de junio de 2020.- En el&hellip;<\/p>\n","protected":false},"author":2,"featured_media":11411,"comment_status":"closed","ping_status":"open","sticky":false,"template":"","format":"standard","meta":{"_lmt_disableupdate":"","_lmt_disable":"","_jetpack_memberships_contains_paid_content":false,"footnotes":""},"categories":[109,47],"tags":[1512],"class_list":["post-14701","post","type-post","status-publish","format-standard","has-post-thumbnail","hentry","category-minuto-a-minuto","category-zona-gris","tag-coronavirus-oaxaca"],"jetpack_featured_media_url":"https:\/\/zonaroja.com.mx\/wp-content\/uploads\/2020\/04\/IMG_4200.png","jetpack_sharing_enabled":true,"_links":{"self":[{"href":"https:\/\/zonaroja.com.mx\/index.php?rest_route=\/wp\/v2\/posts\/14701","targetHints":{"allow":["GET"]}}],"collection":[{"href":"https:\/\/zonaroja.com.mx\/index.php?rest_route=\/wp\/v2\/posts"}],"about":[{"href":"https:\/\/zonaroja.com.mx\/index.php?rest_route=\/wp\/v2\/types\/post"}],"author":[{"embeddable":true,"href":"https:\/\/zonaroja.com.mx\/index.php?rest_route=\/wp\/v2\/users\/2"}],"replies":[{"embeddable":true,"href":"https:\/\/zonaroja.com.mx\/index.php?rest_route=%2Fwp%2Fv2%2Fcomments&post=14701"}],"version-history":[{"count":1,"href":"https:\/\/zonaroja.com.mx\/index.php?rest_route=\/wp\/v2\/posts\/14701\/revisions"}],"predecessor-version":[{"id":14703,"href":"https:\/\/zonaroja.com.mx\/index.php?rest_route=\/wp\/v2\/posts\/14701\/revisions\/14703"}],"wp:featuredmedia":[{"embeddable":true,"href":"https:\/\/zonaroja.com.mx\/index.php?rest_route=\/wp\/v2\/media\/11411"}],"wp:attachment":[{"href":"https:\/\/zonaroja.com.mx\/index.php?rest_route=%2Fwp%2Fv2%2Fmedia&parent=14701"}],"wp:term":[{"taxonomy":"category","embeddable":true,"href":"https:\/\/zonaroja.com.mx\/index.php?rest_route=%2Fwp%2Fv2%2Fcategories&post=14701"},{"taxonomy":"post_tag","embeddable":true,"href":"https:\/\/zonaroja.com.mx\/index.php?rest_route=%2Fwp%2Fv2%2Ftags&post=14701"}],"curies":[{"name":"wp","href":"https:\/\/api.w.org\/{rel}","templated":true}]}}