{"id":14704,"date":"2020-07-06T21:14:28","date_gmt":"2020-07-07T02:14:28","guid":{"rendered":"http:\/\/www.zonaroja.com.mx\/?p=14704"},"modified":"2020-07-06T21:16:16","modified_gmt":"2020-07-07T02:16:16","slug":"enesimo-feminicidio-en-oaxaca-intentaron-quemar-a-la-victima","status":"publish","type":"post","link":"https:\/\/zonaroja.com.mx\/?p=14704","title":{"rendered":"En\u00e9simo feminicidio en Oaxaca; intentaron quemar a la v\u00edctima"},"content":{"rendered":"\n<p>Ismael\nGarc\u00eda M.\/Zona Roja.<\/p>\n\n\n\n<p>Oaxaca de\nJu\u00e1rez, Oax., 6 de julio de 2020.- Los feminicidios no paran en Oaxaca y este\nlunes se registr\u00f3 un en\u00e9simo.<\/p>\n\n\n\n<p>Una mujer\nfue asesinada a golpes e intentaron quemarla, afuera de un bar que funcionaba\nde manera clandestina en la jurisdicci\u00f3n de San Jacinto Amilpas, municipio\nconurbado a la capital del estado.<\/p>\n\n\n\n<p>Corporaciones\nde seguridad arribaron al sitio, denominado bar \u201cEl pasito duranguense\u201d, a un\ncostado de las riberas del r\u00edo \u201cAtoyac\u201d, para acordonar el sitio.<\/p>\n\n\n\n<p>De acuerdo con las primeras indagatorias, el cuerpo semidesnudo presentaba diversos golpes y algunas quemaduras; al parecer era trabajadora del lugar, que funcionaba con anuencia de la autoridad municipal, a pesar de las restricciones por la pandemia.<\/p>\n\n\n\n<figure class=\"wp-block-embed-twitter wp-block-embed is-type-rich is-provider-twitter\"><div class=\"wp-block-embed__wrapper\">\n<div class=\"twitter-tweet\"><blockquote class=\"twitter-tweet\" data-lang=\"es\"><p lang=\"es\" dir=\"ltr\"><a href=\"https:\/\/twitter.com\/hashtag\/%C3%9AltimaHora?src=hash&amp;ref_src=twsrc%5Etfw\">#\u00daltimaHora<\/a> <br>El cuerpo sin vida de una mujer, con huellas de violencia, fue localizado la ma\u00f1ana de hoy en el exterior de un bar, en jurisdicci\u00f3n de San Jacinto <a href=\"https:\/\/twitter.com\/hashtag\/Amilpas?src=hash&amp;ref_src=twsrc%5Etfw\">#Amilpas<\/a>, municipio conurbado a la capital de <a href=\"https:\/\/twitter.com\/hashtag\/Oaxaca?src=hash&amp;ref_src=twsrc%5Etfw\">#Oaxaca<\/a> por la zona poniente. <a href=\"https:\/\/t.co\/Zzo944Xxlb\">pic.twitter.com\/Zzo944Xxlb<\/a><\/p>&mdash; Zona Roja Oaxaca (@MexRoja) <a href=\"https:\/\/twitter.com\/MexRoja\/status\/1280185116518580224?ref_src=twsrc%5Etfw\">6 de julio de 2020<\/a><\/blockquote><\/div>\n<\/div><\/figure>\n\n\n\n<p>Este\nser\u00eda el feminicidio n\u00famero 62 durante este a\u00f1o, seg\u00fan el registro que lleva la\norganizaci\u00f3n Grupo de Estudios de la Mujer \u201cRosario Castellanos\u201d.<\/p>\n\n\n\n<p>MUERE\nBALEADO<\/p>\n\n\n\n<p>Mientras\ntanto en San Juan Bautista Tuxtepec, tras larga agon\u00eda, falleci\u00f3 una persona\nque hab\u00eda sido baleada la semana pasada.<\/p>\n\n\n\n<p>Respond\u00eda\nen vida al nombre de \u00c1lvaro Reyes, quien fue atacado a balazos el 30 de junio\nen la colonia Las Flores; hasta el momento no hay indicios del o de los\nprobables agresores.<\/p>\n","protected":false},"excerpt":{"rendered":"<p>Ismael Garc\u00eda M.\/Zona Roja. Oaxaca de Ju\u00e1rez, Oax., 6 de julio de 2020.- Los feminicidios&hellip;<\/p>\n","protected":false},"author":2,"featured_media":14706,"comment_status":"closed","ping_status":"open","sticky":false,"template":"","format":"standard","meta":{"_lmt_disableupdate":"","_lmt_disable":"","_jetpack_memberships_contains_paid_content":false,"footnotes":""},"categories":[109,51],"tags":[77],"class_list":["post-14704","post","type-post","status-publish","format-standard","has-post-thumbnail","hentry","category-minuto-a-minuto","category-zona-roja","tag-san-jacinto-amilpas"],"jetpack_featured_media_url":"https:\/\/zonaroja.com.mx\/wp-content\/uploads\/2020\/07\/Feminicidio-San-Jacinto-Amilpas.jpg","jetpack_sharing_enabled":true,"_links":{"self":[{"href":"https:\/\/zonaroja.com.mx\/index.php?rest_route=\/wp\/v2\/posts\/14704","targetHints":{"allow":["GET"]}}],"collection":[{"href":"https:\/\/zonaroja.com.mx\/index.php?rest_route=\/wp\/v2\/posts"}],"about":[{"href":"https:\/\/zonaroja.com.mx\/index.php?rest_route=\/wp\/v2\/types\/post"}],"author":[{"embeddable":true,"href":"https:\/\/zonaroja.com.mx\/index.php?rest_route=\/wp\/v2\/users\/2"}],"replies":[{"embeddable":true,"href":"https:\/\/zonaroja.com.mx\/index.php?rest_route=%2Fwp%2Fv2%2Fcomments&post=14704"}],"version-history":[{"count":1,"href":"https:\/\/zonaroja.com.mx\/index.php?rest_route=\/wp\/v2\/posts\/14704\/revisions"}],"predecessor-version":[{"id":14705,"href":"https:\/\/zonaroja.com.mx\/index.php?rest_route=\/wp\/v2\/posts\/14704\/revisions\/14705"}],"wp:featuredmedia":[{"embeddable":true,"href":"https:\/\/zonaroja.com.mx\/index.php?rest_route=\/wp\/v2\/media\/14706"}],"wp:attachment":[{"href":"https:\/\/zonaroja.com.mx\/index.php?rest_route=%2Fwp%2Fv2%2Fmedia&parent=14704"}],"wp:term":[{"taxonomy":"category","embeddable":true,"href":"https:\/\/zonaroja.com.mx\/index.php?rest_route=%2Fwp%2Fv2%2Fcategories&post=14704"},{"taxonomy":"post_tag","embeddable":true,"href":"https:\/\/zonaroja.com.mx\/index.php?rest_route=%2Fwp%2Fv2%2Ftags&post=14704"}],"curies":[{"name":"wp","href":"https:\/\/api.w.org\/{rel}","templated":true}]}}