{"id":14711,"date":"2020-07-06T21:51:29","date_gmt":"2020-07-07T02:51:29","guid":{"rendered":"http:\/\/www.zonaroja.com.mx\/?p=14711"},"modified":"2020-07-06T21:51:31","modified_gmt":"2020-07-07T02:51:31","slug":"cierran-otro-mercado-en-juchitan-ante-alto-numero-de-contagios","status":"publish","type":"post","link":"https:\/\/zonaroja.com.mx\/?p=14711","title":{"rendered":"Cierran otro mercado en Juchit\u00e1n, ante alto n\u00famero de contagios"},"content":{"rendered":"\n<p>Redacci\u00f3n\/Zona\nRoja.<\/p>\n\n\n\n<p>Oaxaca de\nJu\u00e1rez, Oax., 6 de julio de 2020.- Un segundo mercado fue cerrado en menos de\nuna semana en Juchit\u00e1n de Zaragoza, ante el alto n\u00famero de personas contagiadas\nde Covid-19.<\/p>\n\n\n\n<p>Se trata\ndel mercado \u201c2 de Noviembre\u201d, que se localiza en la Segunda Secci\u00f3n de dicha\nciudad de la regi\u00f3n del Istmo de Tehuantepec; a partir de este lunes y hasta el\ndomingo 12 de julio mantendr\u00e1 cerradas sus puertas, a fin de que se realicen\ntrabajos de limpieza y sanitizaci\u00f3n.<\/p>\n\n\n\n<p>Tambi\u00e9n deber\u00e1n parar actividades los comerciantes que se asientan al exterior de ese centro comercial popular, principalmente en el parque Hidalgo y la antigua estaci\u00f3n del ferrocarril.<\/p>\n\n\n\n<p>La semana pasada, los comerciantes y los tres \u00f3rdenes de gobierno acordaron cerrar el mercado principal, \u00ab5 de Septiembre\u00bb, ubicado en el centro de esa ciudad.<\/p>\n\n\n\n<p>C\u00c1RCEL A\nFIESTEROS<\/p>\n\n\n\n<p>Por otra\nparte, en un comunicado el ayuntamiento de Juchit\u00e1n inform\u00f3 que el Cabildo aprob\u00f3\ndar vista a las fiscal\u00edas federal y estatal, para investigar la probable\nconfiguraci\u00f3n de delitos que ameriten c\u00e1rcel, en el caso de personas que\ninsisten en organizar fiestas o actos religiosos masivos, durante la actual\ncontingencia provocada por el Covid-19.<\/p>\n\n\n\n<p>\u201cNo\npodemos permitir que la irresponsabilidad de unos cuantos, ponga en riesgo la\nsalud y la vida de los dem\u00e1s\u201d, enfatiz\u00f3 el edil Emilio Montero, quien reconoci\u00f3\nel alto n\u00famero de casos y decesos, que rebasa las cifras que da la dependencia\nServicios de Salud de Oaxaca.<\/p>\n\n\n\n<p>Agreg\u00f3\nque quienes se opongan de manera agresiva a la suspensi\u00f3n de eventos sociales,\ndeportivos y religiosos, tambi\u00e9n pueden ser acreedores de prisi\u00f3n, debido a\n\u201cdesobediencia y resistencia de particulares\u201d, considerado en el art\u00edculo 179.<\/p>\n\n\n\n<p>Puntualiz\u00f3\nque el Cabildo juchiteco tambi\u00e9n aprob\u00f3 cerrar los bancos y grandes\nestablecimientos que no pongan en pr\u00e1ctica la sana distancia, el uso de\ncubrebocas y gel antibacterial, dentro y fuera de sus instalaciones.<\/p>\n","protected":false},"excerpt":{"rendered":"<p>Redacci\u00f3n\/Zona Roja. Oaxaca de Ju\u00e1rez, Oax., 6 de julio de 2020.- Un segundo mercado fue&hellip;<\/p>\n","protected":false},"author":2,"featured_media":14712,"comment_status":"closed","ping_status":"open","sticky":false,"template":"","format":"standard","meta":{"_lmt_disableupdate":"","_lmt_disable":"","_jetpack_memberships_contains_paid_content":false,"footnotes":""},"categories":[109,47],"tags":[123],"class_list":["post-14711","post","type-post","status-publish","format-standard","has-post-thumbnail","hentry","category-minuto-a-minuto","category-zona-gris","tag-juchitan-de-zaragoza"],"jetpack_featured_media_url":"https:\/\/zonaroja.com.mx\/wp-content\/uploads\/2020\/07\/Mercado-2-de-Noviembre-Juchit\u00e1n.jpg","jetpack_sharing_enabled":true,"_links":{"self":[{"href":"https:\/\/zonaroja.com.mx\/index.php?rest_route=\/wp\/v2\/posts\/14711","targetHints":{"allow":["GET"]}}],"collection":[{"href":"https:\/\/zonaroja.com.mx\/index.php?rest_route=\/wp\/v2\/posts"}],"about":[{"href":"https:\/\/zonaroja.com.mx\/index.php?rest_route=\/wp\/v2\/types\/post"}],"author":[{"embeddable":true,"href":"https:\/\/zonaroja.com.mx\/index.php?rest_route=\/wp\/v2\/users\/2"}],"replies":[{"embeddable":true,"href":"https:\/\/zonaroja.com.mx\/index.php?rest_route=%2Fwp%2Fv2%2Fcomments&post=14711"}],"version-history":[{"count":1,"href":"https:\/\/zonaroja.com.mx\/index.php?rest_route=\/wp\/v2\/posts\/14711\/revisions"}],"predecessor-version":[{"id":14713,"href":"https:\/\/zonaroja.com.mx\/index.php?rest_route=\/wp\/v2\/posts\/14711\/revisions\/14713"}],"wp:featuredmedia":[{"embeddable":true,"href":"https:\/\/zonaroja.com.mx\/index.php?rest_route=\/wp\/v2\/media\/14712"}],"wp:attachment":[{"href":"https:\/\/zonaroja.com.mx\/index.php?rest_route=%2Fwp%2Fv2%2Fmedia&parent=14711"}],"wp:term":[{"taxonomy":"category","embeddable":true,"href":"https:\/\/zonaroja.com.mx\/index.php?rest_route=%2Fwp%2Fv2%2Fcategories&post=14711"},{"taxonomy":"post_tag","embeddable":true,"href":"https:\/\/zonaroja.com.mx\/index.php?rest_route=%2Fwp%2Fv2%2Ftags&post=14711"}],"curies":[{"name":"wp","href":"https:\/\/api.w.org\/{rel}","templated":true}]}}