{"id":14714,"date":"2020-07-07T07:53:54","date_gmt":"2020-07-07T12:53:54","guid":{"rendered":"http:\/\/www.zonaroja.com.mx\/?p=14714"},"modified":"2020-07-07T07:53:57","modified_gmt":"2020-07-07T12:53:57","slug":"identifican-a-mujer-estrangulada-en-san-jacinto-amilpas-tenia-quemaduras","status":"publish","type":"post","link":"https:\/\/zonaroja.com.mx\/?p=14714","title":{"rendered":"Identifican a mujer estrangulada en San Jacinto Amilpas; ten\u00eda quemaduras"},"content":{"rendered":"\n<p>Redacci\u00f3n\/Zona\nRoja.<\/p>\n\n\n\n<p>Oaxaca de\nJu\u00e1rez, Oax., 7 de julio de 2020.- Como Esther G. L., de aproximadamente 50\na\u00f1os de edad, fue identificada la mujer asesinada ayer en la jurisdicci\u00f3n de\nSan Jacinto Amilpas, municipio conurbado a la ciudad de Oaxaca por la zona\nponiente.<\/p>\n\n\n\n<p>De\nacuerdo con informes policiacos y de la Agencia Estatal de Investigaciones, la\ncausa de la muerte fue estrangulaci\u00f3n y adem\u00e1s presentaba quemaduras;\npresuntamente pretend\u00edan incinerarla.<\/p>\n\n\n\n<p>Habr\u00eda\nsido asesinada durante la madrugada de este lunes y el cuerpo se localiz\u00f3 a un\ncostado del bar \u201cEl pasito duranguense\u201d, que funcionaba de manera clandestina\npese a la pandemia por Covid-19, al parecer con anuencia del ayuntamiento.<\/p>\n\n\n\n<p>El cuerpo\nde la mujer fue identificado por Brenda B., hija de la occisa, quien dijo que\nsu madre era originaria de San Pedro Mixtepec, en la regi\u00f3n de la Costa, y\nten\u00eda su domicilio en la agencia de Santa Rosa Panzacola de la capital.<\/p>\n\n\n\n<p>Luego de\nlas diligencias, el cuerpo fue trasladado al anfiteatro del Instituto del\nServicios Periciales, donde se le practic\u00f3 la necropsia de ley y la causa de la\nmuerte fue asfixia por estrangulaci\u00f3n.<\/p>\n\n\n\n<p>Vecinos\nde la zona precisaron que el bar operaba en forma clandestina, ya que deber\u00eda\nestar cerrado por la contingencia del Covid 19, pero debido a la negligencia o\ncomplacencia de la autoridad municipal de San Jacinto Amilpas, segu\u00eda\ntrabajando.<\/p>\n\n\n\n<p>A trav\u00e9s\nde sus redes sociales, La Fiscal\u00eda General del Estado inform\u00f3 que dio inici\u00f3 a la\nCarpeta de Investigaci\u00f3n 20620\/FMUJ\/UFEM\/2020 por el delito de feminicidio,\ncometido en el interior de un inmueble, ubicado en San Jacinto Amilpas. <\/p>\n","protected":false},"excerpt":{"rendered":"<p>Redacci\u00f3n\/Zona Roja. Oaxaca de Ju\u00e1rez, Oax., 7 de julio de 2020.- Como Esther G. L.,&hellip;<\/p>\n","protected":false},"author":2,"featured_media":14715,"comment_status":"closed","ping_status":"open","sticky":false,"template":"","format":"standard","meta":{"_lmt_disableupdate":"","_lmt_disable":"","_jetpack_memberships_contains_paid_content":false,"footnotes":""},"categories":[109,51],"tags":[77],"class_list":["post-14714","post","type-post","status-publish","format-standard","has-post-thumbnail","hentry","category-minuto-a-minuto","category-zona-roja","tag-san-jacinto-amilpas"],"jetpack_featured_media_url":"https:\/\/zonaroja.com.mx\/wp-content\/uploads\/2020\/07\/Feminicidio-San-Jacnito-Amilpas.jpg","jetpack_sharing_enabled":true,"_links":{"self":[{"href":"https:\/\/zonaroja.com.mx\/index.php?rest_route=\/wp\/v2\/posts\/14714","targetHints":{"allow":["GET"]}}],"collection":[{"href":"https:\/\/zonaroja.com.mx\/index.php?rest_route=\/wp\/v2\/posts"}],"about":[{"href":"https:\/\/zonaroja.com.mx\/index.php?rest_route=\/wp\/v2\/types\/post"}],"author":[{"embeddable":true,"href":"https:\/\/zonaroja.com.mx\/index.php?rest_route=\/wp\/v2\/users\/2"}],"replies":[{"embeddable":true,"href":"https:\/\/zonaroja.com.mx\/index.php?rest_route=%2Fwp%2Fv2%2Fcomments&post=14714"}],"version-history":[{"count":1,"href":"https:\/\/zonaroja.com.mx\/index.php?rest_route=\/wp\/v2\/posts\/14714\/revisions"}],"predecessor-version":[{"id":14716,"href":"https:\/\/zonaroja.com.mx\/index.php?rest_route=\/wp\/v2\/posts\/14714\/revisions\/14716"}],"wp:featuredmedia":[{"embeddable":true,"href":"https:\/\/zonaroja.com.mx\/index.php?rest_route=\/wp\/v2\/media\/14715"}],"wp:attachment":[{"href":"https:\/\/zonaroja.com.mx\/index.php?rest_route=%2Fwp%2Fv2%2Fmedia&parent=14714"}],"wp:term":[{"taxonomy":"category","embeddable":true,"href":"https:\/\/zonaroja.com.mx\/index.php?rest_route=%2Fwp%2Fv2%2Fcategories&post=14714"},{"taxonomy":"post_tag","embeddable":true,"href":"https:\/\/zonaroja.com.mx\/index.php?rest_route=%2Fwp%2Fv2%2Ftags&post=14714"}],"curies":[{"name":"wp","href":"https:\/\/api.w.org\/{rel}","templated":true}]}}