{"id":14717,"date":"2020-07-07T07:58:26","date_gmt":"2020-07-07T12:58:26","guid":{"rendered":"http:\/\/www.zonaroja.com.mx\/?p=14717"},"modified":"2020-07-07T07:58:29","modified_gmt":"2020-07-07T12:58:29","slug":"el-poder-judicial-de-oaxaca-reanuda-actividades-de-manera-gradual","status":"publish","type":"post","link":"https:\/\/zonaroja.com.mx\/?p=14717","title":{"rendered":"El Poder Judicial de Oaxaca reanuda actividades de manera gradual"},"content":{"rendered":"\n<p>Redacci\u00f3n\/Zona\nRoja.<\/p>\n\n\n\n<p>Oaxaca de\nJu\u00e1rez, Oax., 7 de julio de 2020.- El Poder Judicial de Oaxaca inform\u00f3 que desde\nel inicio de la contingencia sanitaria por el virus SARs-CoV2 Covid-19, adopt\u00f3\nun conjunto de medidas preventivas con el fin de proteger la salud tanto de los\nusuarios como de servidoras y servidores p\u00fablicos, as\u00ed como acciones para\ncumplir con la funci\u00f3n que tiene encomendada.<\/p>\n\n\n\n<p>Por lo\ncual, a partir del uno de julio puso en marcha un Plan de Retorno Gradual,\nSeguro y Ordenado a la Actividad Jurisdiccional y Administrativa.<\/p>\n\n\n\n<p>Bajo tres\nejes rectores, el nuevo esquema de trabajo en los juzgados, aprobado por los plenos\ndel Tribunal Superior de Justicia y del Consejo de la Judicatura, establece la\nintegraci\u00f3n de personal al trabajo presencial de forma escalonada y gradual,\npor periodos semanales y bajo el cumplimiento estricto del Protocolo para la\nPrevenci\u00f3n de Contagios por Covid-19 de las personas servidoras p\u00fablicas del\nPoder Judicial del Estado de Oaxaca.<\/p>\n\n\n\n<p>El\nrestablecimiento de la actividad jurisdiccional a mayor escala incluye\nproyectos que permiten cumplir con el servicio de justicia en el per\u00edodo de\ncontingencia sanitaria, entre ellos: el Registro \u00danico de Notificaci\u00f3n\nElectr\u00f3nica en l\u00ednea y el Pre registro de demandas, contestaci\u00f3n de demandas y\npromociones de primera instancia a trav\u00e9s del Tribunal Virtual para entrega\nf\u00edsica en buzones y oficial\u00edas de partes de Juzgados.<\/p>\n\n\n\n<p>Adem\u00e1s,\nmedios alternativos de soluci\u00f3n de conflictos a trav\u00e9s de videoconferencias;\ndesarrollo de los planes de estudio de la Escuela Judicial con apoyo de\nplataformas de videoconferencias y un Programa de Apoyo y Contenci\u00f3n Emocional,\ndirigido a las y los trabajadores de la instituci\u00f3n quienes ser\u00e1n atendidos por\npersonal especializado.<\/p>\n\n\n\n<p>En este\nnuevo esquema de trabajo, los \u00f3rganos jurisdiccionales atender\u00e1n asuntos\nurgentes y no urgentes en los siguientes t\u00e9rminos: privilegiando la atenci\u00f3n\npor v\u00eda telef\u00f3nica a trav\u00e9s de guardias supervisadas por el titular, la que valorar\u00e1\nla urgencia del caso.<\/p>\n\n\n\n<p>Atenci\u00f3n\npresencial \u00fanicamente por el tiempo que resulte estrictamente indispensable en\nlos actos calificados como urgentes, observando en todo momento lo establecido\nen el Protocolo Para la Prevenci\u00f3n de Contagios y el uso de herramientas\ntecnol\u00f3gicas para citas electr\u00f3nicas, notificaciones electr\u00f3nicas y\nvideoconferencias, en los casos que las normas aplicables lo permitan.<\/p>\n\n\n\n<p>Los plenos\ndel Tribunal Superior de Justicia y del Consejo de la Judicatura del Poder\nJudicial del Estado de Oaxaca, consideraron que la prolongaci\u00f3n del periodo de\ncontingencia sanitaria exige un mayor compromiso para cumplir la funci\u00f3n\njudicial, lo que llev\u00f3 a la necesidad de trazar un esquema nuevo de trabajo\ndentro de la instituci\u00f3n, con apego al sem\u00e1foro epidemiol\u00f3gico que fijan las\nautoridades sanitarias estatales y federales, en todo momento privilegiando la\nsalud y vida.<\/p>\n\n\n\n<p>Los\nasuntos urgentes y no urgentes que atender\u00e1n los juzgados en este per\u00edodo se\npueden consultar en el Acuerdo 9\/2020 disponible en la p\u00e1gina web institucional\nwww.tribunaloaxaca.gob.mx, as\u00ed como los detalles del Registr\u00f3 \u00danico de\nNotificaci\u00f3n Electr\u00f3nica en l\u00ednea y el Pre registro de demandas.<\/p>\n\n\n\n<p>De la\nmisma forma, para atenci\u00f3n a la sociedad y consultas sobre asuntos de competencia\nde la instituci\u00f3n se encuentra disponible el n\u00famero 800 719 22 32 del Centro de\nRespuesta Inmediata JusticiaTel.<\/p>\n","protected":false},"excerpt":{"rendered":"<p>Redacci\u00f3n\/Zona Roja. Oaxaca de Ju\u00e1rez, Oax., 7 de julio de 2020.- El Poder Judicial de&hellip;<\/p>\n","protected":false},"author":2,"featured_media":14718,"comment_status":"closed","ping_status":"open","sticky":false,"template":"","format":"standard","meta":{"_lmt_disableupdate":"","_lmt_disable":"","_jetpack_memberships_contains_paid_content":false,"footnotes":""},"categories":[109,46],"tags":[223],"class_list":["post-14717","post","type-post","status-publish","format-standard","has-post-thumbnail","hentry","category-minuto-a-minuto","category-zona-blanca","tag-poder-judicial-de-oaxaca"],"jetpack_featured_media_url":"https:\/\/zonaroja.com.mx\/wp-content\/uploads\/2020\/07\/REGRESO-GRADUAL-Y-ORDENADO-PJE.jpg","jetpack_sharing_enabled":true,"_links":{"self":[{"href":"https:\/\/zonaroja.com.mx\/index.php?rest_route=\/wp\/v2\/posts\/14717","targetHints":{"allow":["GET"]}}],"collection":[{"href":"https:\/\/zonaroja.com.mx\/index.php?rest_route=\/wp\/v2\/posts"}],"about":[{"href":"https:\/\/zonaroja.com.mx\/index.php?rest_route=\/wp\/v2\/types\/post"}],"author":[{"embeddable":true,"href":"https:\/\/zonaroja.com.mx\/index.php?rest_route=\/wp\/v2\/users\/2"}],"replies":[{"embeddable":true,"href":"https:\/\/zonaroja.com.mx\/index.php?rest_route=%2Fwp%2Fv2%2Fcomments&post=14717"}],"version-history":[{"count":1,"href":"https:\/\/zonaroja.com.mx\/index.php?rest_route=\/wp\/v2\/posts\/14717\/revisions"}],"predecessor-version":[{"id":14719,"href":"https:\/\/zonaroja.com.mx\/index.php?rest_route=\/wp\/v2\/posts\/14717\/revisions\/14719"}],"wp:featuredmedia":[{"embeddable":true,"href":"https:\/\/zonaroja.com.mx\/index.php?rest_route=\/wp\/v2\/media\/14718"}],"wp:attachment":[{"href":"https:\/\/zonaroja.com.mx\/index.php?rest_route=%2Fwp%2Fv2%2Fmedia&parent=14717"}],"wp:term":[{"taxonomy":"category","embeddable":true,"href":"https:\/\/zonaroja.com.mx\/index.php?rest_route=%2Fwp%2Fv2%2Fcategories&post=14717"},{"taxonomy":"post_tag","embeddable":true,"href":"https:\/\/zonaroja.com.mx\/index.php?rest_route=%2Fwp%2Fv2%2Ftags&post=14717"}],"curies":[{"name":"wp","href":"https:\/\/api.w.org\/{rel}","templated":true}]}}