{"id":14723,"date":"2020-07-07T11:36:07","date_gmt":"2020-07-07T16:36:07","guid":{"rendered":"http:\/\/www.zonaroja.com.mx\/?p=14723"},"modified":"2020-07-07T11:36:48","modified_gmt":"2020-07-07T16:36:48","slug":"parte-lopez-obrador-a-eu-para-reunirse-con-trump","status":"publish","type":"post","link":"https:\/\/zonaroja.com.mx\/?p=14723","title":{"rendered":"Parte L\u00f3pez Obrador a EU para reunirse con Trump"},"content":{"rendered":"\n<p>Redacci\u00f3n\/Zona Roja Cdmx. Image: La Silla Rota<\/p>\n\n\n\n<p>Ciudad de\nM\u00e9xico, 7 de julio de 2020.- Este mediod\u00eda, el Presidente de M\u00e9xico, Andr\u00e9s\nManuel L\u00f3pez Obrador, parte en avi\u00f3n comercial hacia los Estados Unidos de\nNorteam\u00e9rica, para reunirse con su hom\u00f3logo Donald Trump.<\/p>\n\n\n\n<p>Al primer\nencuentro, a a\u00f1o y medio de mandato del mexicano, se sumaron dos temas en la\nagenda: la migraci\u00f3n y el tr\u00e1fico de armas, adem\u00e1s del nuevo tratado comercial.\n<\/p>\n\n\n\n<p>La\nreuni\u00f3n en la Casa Blanca se redujo a un encuentro bilateral, luego de que ayer\nel primer ministro canadiense, Justin Trudeau, cancelara su participaci\u00f3n.<\/p>\n\n\n\n<p>Por la\ntarde llegar\u00e1 a Washington DC, un d\u00eda antes del encuentro que se llevar\u00e1 a cabo\nel mi\u00e9rcoles a las 14:00 horas en la Casa Blanca; pernoctar\u00e1 en la embajada\nmexicana, viajar\u00e1 con una comitiva de cinco personas y sin su esposa.<\/p>\n\n\n\n<p>Antes,\nllevar\u00e1 ofrendas tanto al monumento de Abraham Lincoln como al de Benito\nJu\u00e1rez, tambi\u00e9n ubicado en la capital estadounidense; \u201cluego vamos a la Casa\nBlanca y hay encuentros, reuniones hasta la tarde-noche\u201d, a\u00f1adi\u00f3 el mandatario.<\/p>\n\n\n\n<p>Durante\nla reuni\u00f3n, adem\u00e1s de los beneficios que supone la entrada en vigor del Tratado\nComercial M\u00e9xico, Estados Unidos y Canad\u00e1 (T-MEC), se hablar\u00e1 sobre la agenda\nmigratoria, as\u00ed como el llamado operativo Frozen, acuerdo que ha impulsado el\ncanciller Marcelo Ebrard para detectar las armas que ingresan a M\u00e9xico de\nmanera ilegal.<\/p>\n\n\n\n<p>Ayer en\nconferencia, el mandatario L\u00f3pez Obrador destac\u00f3 que el trato de Donald Trump\nya \u201cno es el mismo de antes\u201d; \u201cy esto se puede probar en declaraciones, en los\nmensajes que se vierten sobre M\u00e9xico desde el extranjero. Es una situaci\u00f3n\ncompletamente distinta\u201d, subray\u00f3.<\/p>\n\n\n\n<p>EL RETO\nDE TRUMP<\/p>\n\n\n\n<p>Sin\nembargo, horas despu\u00e9s, el estadounidense comparti\u00f3 en sus redes sociales\nim\u00e1genes y videos del pasado 23 de junio alusivas a su recorrido por el muro\nfronterizo en Arizona, construido como parte de sus promesas electorales.<\/p>\n\n\n\n<p>La noche\ndel mi\u00e9rcoles, el presidente Trump ofrecer\u00e1 una cena de trabajo para recibir a\nL\u00f3pez Obrador junto con un selecto grupo de empresarios, entre ellos los due\u00f1os\nde las principales televisoras de M\u00e9xico, Ricardo Salinas Pliego, de TV Azteca;\nCarlos Hank Gonz\u00e1lez, de Banorte; Bernardo G\u00f3mez, de Televisa, as\u00ed como\nOlegario V\u00e1zquez Aldir, de Grupo \u00c1ngeles, y Daniel Ch\u00e1vez, del grupo hotelero\nVidanta.<\/p>\n\n\n\n<p>La\ncomitiva mexicana estar\u00e1 integrada por el canciller Marcelo Ebrard; la\nembajadora de M\u00e9xico en Estados Unidos, Martha B\u00e1rcena; la secretaria de\nEconom\u00eda, Graciela M\u00e1rquez, y el jefe de la Oficina de la Presidencia, Alfonso\nRomo.<\/p>\n\n\n\n<p>(Con\ninformaci\u00f3n de \u201cEl Financiero\u201d)<\/p>\n","protected":false},"excerpt":{"rendered":"<p>Redacci\u00f3n\/Zona Roja Cdmx. Image: La Silla Rota Ciudad de M\u00e9xico, 7 de julio de 2020.-&hellip;<\/p>\n","protected":false},"author":2,"featured_media":14724,"comment_status":"closed","ping_status":"open","sticky":false,"template":"","format":"standard","meta":{"_lmt_disableupdate":"","_lmt_disable":"","_jetpack_memberships_contains_paid_content":false,"footnotes":""},"categories":[109,47],"tags":[143],"class_list":["post-14723","post","type-post","status-publish","format-standard","has-post-thumbnail","hentry","category-minuto-a-minuto","category-zona-gris","tag-andres-manuel-lopez-obrador"],"jetpack_featured_media_url":"https:\/\/zonaroja.com.mx\/wp-content\/uploads\/2020\/07\/AMLO-y-Trump.jpg","jetpack_sharing_enabled":true,"_links":{"self":[{"href":"https:\/\/zonaroja.com.mx\/index.php?rest_route=\/wp\/v2\/posts\/14723","targetHints":{"allow":["GET"]}}],"collection":[{"href":"https:\/\/zonaroja.com.mx\/index.php?rest_route=\/wp\/v2\/posts"}],"about":[{"href":"https:\/\/zonaroja.com.mx\/index.php?rest_route=\/wp\/v2\/types\/post"}],"author":[{"embeddable":true,"href":"https:\/\/zonaroja.com.mx\/index.php?rest_route=\/wp\/v2\/users\/2"}],"replies":[{"embeddable":true,"href":"https:\/\/zonaroja.com.mx\/index.php?rest_route=%2Fwp%2Fv2%2Fcomments&post=14723"}],"version-history":[{"count":2,"href":"https:\/\/zonaroja.com.mx\/index.php?rest_route=\/wp\/v2\/posts\/14723\/revisions"}],"predecessor-version":[{"id":14726,"href":"https:\/\/zonaroja.com.mx\/index.php?rest_route=\/wp\/v2\/posts\/14723\/revisions\/14726"}],"wp:featuredmedia":[{"embeddable":true,"href":"https:\/\/zonaroja.com.mx\/index.php?rest_route=\/wp\/v2\/media\/14724"}],"wp:attachment":[{"href":"https:\/\/zonaroja.com.mx\/index.php?rest_route=%2Fwp%2Fv2%2Fmedia&parent=14723"}],"wp:term":[{"taxonomy":"category","embeddable":true,"href":"https:\/\/zonaroja.com.mx\/index.php?rest_route=%2Fwp%2Fv2%2Fcategories&post=14723"},{"taxonomy":"post_tag","embeddable":true,"href":"https:\/\/zonaroja.com.mx\/index.php?rest_route=%2Fwp%2Fv2%2Ftags&post=14723"}],"curies":[{"name":"wp","href":"https:\/\/api.w.org\/{rel}","templated":true}]}}